{"id":111,"date":"2016-11-07T09:00:54","date_gmt":"2016-11-07T08:00:54","guid":{"rendered":"http:\/\/www.fmirobcn.org\/blog\/\/es\/?p=111"},"modified":"2016-11-22T14:20:02","modified_gmt":"2016-11-22T13:20:02","slug":"miro-el-viquipedista","status":"publish","type":"post","link":"https:\/\/www.fmirobcn.org\/blog\/es\/2016\/11\/07\/miro-el-viquipedista\/","title":{"rendered":"Mir\u00f3, Viquipedista"},"content":{"rendered":"<h2><strong>\u00bfJoan Mir\u00f3 ser\u00eda un buen wikipedista? <\/strong><\/h2>\n<p>Durante los \u00faltimos a\u00f1os he creado decenas de art\u00edculos sobre obras de Joan Mir\u00f3 en la Wikipedia, en varios idiomas. Revolviendo libros, prensa, v\u00eddeos, intentando documentar lo mejor posible la figura del c\u00e9lebre pintor catal\u00e1n. \u00bfPor qu\u00e9 lo hago? No hay una \u00fanica respuesta: para compartir mi pasi\u00f3n, para mantener nuestra lengua activa en la red, para aprender mientras difundo lo que me gusta.<\/p>\n<p>Editar la Wikipedia es una mezcla entre hacer un puzle muy grande donde todas las piezas est\u00e1n entrelazadas y hacer un poco de detective de andar por casa consultando libros, webs y hemerotecas, intentando encontrar la fuente que valide lo que le\u00edste ya no recuerdas d\u00f3nde. Colaboras en ella con la satisfacci\u00f3n de que tu pasatiempo resultar\u00e1 \u00fatil para miles de personas, y con la tranquilidad de que \u2014en cualquier momento\u2014 otra persona podr\u00e1 mejorar o cuestionar lo que t\u00fa has hecho. Los art\u00edculos no son \u00abde nadie\u00bb, sino que todo el mundo puede colaborar en ellos.<\/p>\n<p>Joan Mir\u00f3 quer\u00eda que el arte llegase a formar parte de la vida cotidiana de las personas, y con la Wikipedia queremos que la suma del conocimiento de toda la humanidad llegue a todos, de manera libre y gratuita y en el idioma de cada uno. Mir\u00f3 no hablaba de pintura, porque dec\u00eda que no interesaba. Para \u00e9l la pintura era un medio de expresi\u00f3n del esp\u00edritu, que es lo \u00fanico que debe interesar.<a href=\"#_ftn1\" name=\"_ftnref1\"><sup>[1]<\/sup><\/a> A mi entender, la Wikipedia \u2014como enciclopedia\u2014 es tambi\u00e9n solo una herramienta, una herramienta que me sirve para difundir la informaci\u00f3n entre el mayor n\u00famero posible de personas, con el objetivo final de colaborar en la formaci\u00f3n del esp\u00edritu cr\u00edtico de una ciudadan\u00eda madura que se cuestione las cosas. \u00bfLa Wikipedia no es fiable? Nada lo es. Es precisamente esto lo que m\u00e1s me gusta. Como el m\u00e9todo cient\u00edfico: cuestionarlo todo por defecto. Los wikipedistas queremos que la gente lea, compare, se informe, se lo cuestione todo. Absolutamente todo.<\/p>\n<p>Joan Mir\u00f3&#8230; \u00bfhabr\u00eda sido un buen wikipedista? En mi opini\u00f3n, s\u00ed, y de los buenos. \u00bfPor qu\u00e9?<\/p>\n<h2>Mir\u00f3 colaboraba<\/h2>\n<p>A lo largo de su trayectoria, Mir\u00f3 colabor\u00f3 con distintos artistas. C\u00e9lebres son sus murales cer\u00e1micos en los que se dej\u00f3 influenciar y se adapt\u00f3 a los m\u00edticos hornos de Gallifa de la familia Artigas. Esta constante evoluci\u00f3n, este sentirse c\u00f3modo en entornos experimentales, beta, de aprendizaje continuo, de perpetua imperfecci\u00f3n, tiene mucha relaci\u00f3n con el sistema de trabajo de los wiki y, por extensi\u00f3n, de la Wikipedia.<\/p>\n<h2>Mir\u00f3 documentaba<\/h2>\n<p>Uno de los tesoros de la Fundaci\u00f3 Joan Mir\u00f3 son los miles de dibujos preparatorios de Joan Mir\u00f3, una persona met\u00f3dica que, como \u00e9l mismo dec\u00eda, siempre part\u00eda de la realidad. En la Wikipedia siempre hay que partir de una fuente. Toda la solvencia del proyecto reside en las citaciones bibliogr\u00e1ficas. Como Mir\u00f3, la escala que permite la evasi\u00f3n debe estar bien arraigada a la tierra.<\/p>\n<h2>Mir\u00f3 divulgaba<\/h2>\n<p>Cuando el artista ide\u00f3 su fundaci\u00f3n, en una Barcelona carente de lugares donde ver arte contempor\u00e1neo, Mir\u00f3 quiso rehuir la idea cl\u00e1sica de museo como simple contenedor de obras. Junto con Josep Llu\u00eds Sert, ide\u00f3 un centro de estudios de arte contempor\u00e1neo donde se mostraran obras del propio Mir\u00f3, pero tambi\u00e9n de otros artistas, tanto noveles como consagrados, y en el que se realizaran todo tipo de actividades culturales y experimentales. Mir\u00f3 no quer\u00eda un museo cerrado, estanco, quer\u00eda un espacio donde ocurrieran cosas, donde sus obras se pudieran poner y quitar, un espacio en constante evoluci\u00f3n donde se divulgara el conocimiento, tanto el can\u00f3nico como el m\u00e1s experimental.<\/p>\n<h2>Mir\u00f3, wikipedista<\/h2>\n<p>Mir\u00f3 no era una persona ajena a su tiempo. Llu\u00eds Permanyer dec\u00eda de Joan Mir\u00f3: \u00abes un hombre honrado, sencillo y generoso, fiel a si mismo, un ciudadano comprometido con la libertad y con su pa\u00eds\u00bb. Esta voluntad de trabajar desde el rigor, pero sin cerrar la puerta a la experimentaci\u00f3n, esta mezcla entre compromiso apasionado y una formalidad contemplativa tan mironiana, hace de Mir\u00f3 un wikipedista<em> avant la lettre<\/em>.<\/p>\n<p class=\"llegenda\"><a href=\"#_ftnref1\" name=\"_ftn1\"><sup>[1]<\/sup><\/a> Entrevista en <em>La Gaceta Literaria<\/em>, 1 de julio de 1928.<\/p>\n","protected":false},"excerpt":{"rendered":"<p>\u00bfJoan Mir\u00f3 ser\u00eda un buen wikipedista? Durante los \u00faltimos a\u00f1os he creado decenas de art\u00edculos sobre obras de Joan Mir\u00f3 en la Wikipedia, en varios idiomas. Revolviendo libros, prensa, v\u00eddeos, intentando documentar lo mejor posible la figura del c\u00e9lebre pintor catal\u00e1n. \u00bfPor qu\u00e9 lo hago? No hay una \u00fanica respuesta: para compartir mi pasi\u00f3n, para &hellip; <a href=\"https:\/\/www.fmirobcn.org\/blog\/es\/2016\/11\/07\/miro-el-viquipedista\/\" class=\"more-link\">Contin\u00faa leyendo <span class=\"screen-reader-text\">Mir\u00f3, Viquipedista<\/span><\/a><\/p>\n","protected":false},"author":6,"featured_media":86,"comment_status":"closed","ping_status":"open","sticky":false,"template":"","format":"standard","meta":{"_acf_changed":false,"footnotes":""},"categories":[54,24],"tags":[60,74,79,28],"class_list":["post-111","post","type-post","status-publish","format-standard","has-post-thumbnail","hentry","category-miro-es","category-voz-libre","tag-conocimiento-compartido-es","tag-proyectos-en-colaboracion-es","tag-wikipedia-es","tag-wikipedia"],"acf":[],"yoast_head":"<!-- This site is optimized with the Yoast SEO plugin v26.1 - https:\/\/yoast.com\/wordpress\/plugins\/seo\/ -->\n<title>Mir\u00f3, Viquipedista - Blog Fundaci\u00f3 Joan Mir\u00f3<\/title>\n<meta name=\"robots\" content=\"index, follow, max-snippet:-1, max-image-preview:large, max-video-preview:-1\" \/>\n<link rel=\"canonical\" href=\"https:\/\/www.fmirobcn.org\/blog\/es\/2016\/11\/07\/miro-el-viquipedista\/\" \/>\n<meta property=\"og:locale\" content=\"es_ES\" \/>\n<meta property=\"og:type\" content=\"article\" \/>\n<meta property=\"og:title\" content=\"Mir\u00f3, Viquipedista - Blog Fundaci\u00f3 Joan Mir\u00f3\" \/>\n<meta property=\"og:description\" content=\"\u00bfJoan Mir\u00f3 ser\u00eda un buen wikipedista? Durante los \u00faltimos a\u00f1os he creado decenas de art\u00edculos sobre obras de Joan Mir\u00f3 en la Wikipedia, en varios idiomas. Revolviendo libros, prensa, v\u00eddeos, intentando documentar lo mejor posible la figura del c\u00e9lebre pintor catal\u00e1n. \u00bfPor qu\u00e9 lo hago? No hay una \u00fanica respuesta: para compartir mi pasi\u00f3n, para &hellip; Contin\u00faa leyendo Mir\u00f3, Viquipedista\" \/>\n<meta property=\"og:url\" content=\"https:\/\/www.fmirobcn.org\/blog\/es\/2016\/11\/07\/miro-el-viquipedista\/\" \/>\n<meta property=\"og:site_name\" content=\"Blog Fundaci\u00f3 Joan Mir\u00f3\" \/>\n<meta property=\"article:published_time\" content=\"2016-11-07T08:00:54+00:00\" \/>\n<meta property=\"article:modified_time\" content=\"2016-11-22T13:20:02+00:00\" \/>\n<meta property=\"og:image\" content=\"https:\/\/www.fmirobcn.org\/blog\/wp-content\/uploads\/2016\/10\/1Mir\u00f3-72_Clovis-Pr\u00e9vost-low_.jpg\" \/>\n\t<meta property=\"og:image:width\" content=\"2812\" \/>\n\t<meta property=\"og:image:height\" content=\"2157\" \/>\n\t<meta property=\"og:image:type\" content=\"image\/jpeg\" \/>\n<meta name=\"author\" content=\"\u00c0lex Hinojo\" \/>\n<meta name=\"twitter:card\" content=\"summary_large_image\" \/>\n<meta name=\"twitter:label1\" content=\"Written by\" \/>\n\t<meta name=\"twitter:data1\" content=\"\u00c0lex Hinojo\" \/>\n\t<meta name=\"twitter:label2\" content=\"Est. reading time\" \/>\n\t<meta name=\"twitter:data2\" content=\"4 minutes\" \/>\n<script type=\"application\/ld+json\" class=\"yoast-schema-graph\">{\"@context\":\"https:\/\/schema.org\",\"@graph\":[{\"@type\":\"WebPage\",\"@id\":\"https:\/\/www.fmirobcn.org\/blog\/es\/2016\/11\/07\/miro-el-viquipedista\/\",\"url\":\"https:\/\/www.fmirobcn.org\/blog\/es\/2016\/11\/07\/miro-el-viquipedista\/\",\"name\":\"Mir\u00f3, Viquipedista - Blog Fundaci\u00f3 Joan Mir\u00f3\",\"isPartOf\":{\"@id\":\"https:\/\/www.fmirobcn.org\/blog\/#website\"},\"primaryImageOfPage\":{\"@id\":\"https:\/\/www.fmirobcn.org\/blog\/es\/2016\/11\/07\/miro-el-viquipedista\/#primaryimage\"},\"image\":{\"@id\":\"https:\/\/www.fmirobcn.org\/blog\/es\/2016\/11\/07\/miro-el-viquipedista\/#primaryimage\"},\"thumbnailUrl\":\"https:\/\/www.fmirobcn.org\/blog\/wp-content\/uploads\/2016\/10\/1Mir\u00f3-72_Clovis-Pr\u00e9vost-low_.jpg\",\"datePublished\":\"2016-11-07T08:00:54+00:00\",\"dateModified\":\"2016-11-22T13:20:02+00:00\",\"author\":{\"@id\":\"https:\/\/www.fmirobcn.org\/blog\/#\/schema\/person\/7f92e64ed35c3aa471027db8c8b5c4e4\"},\"breadcrumb\":{\"@id\":\"https:\/\/www.fmirobcn.org\/blog\/es\/2016\/11\/07\/miro-el-viquipedista\/#breadcrumb\"},\"inLanguage\":\"es-ES\",\"potentialAction\":[{\"@type\":\"ReadAction\",\"target\":[\"https:\/\/www.fmirobcn.org\/blog\/es\/2016\/11\/07\/miro-el-viquipedista\/\"]}]},{\"@type\":\"ImageObject\",\"inLanguage\":\"es-ES\",\"@id\":\"https:\/\/www.fmirobcn.org\/blog\/es\/2016\/11\/07\/miro-el-viquipedista\/#primaryimage\",\"url\":\"https:\/\/www.fmirobcn.org\/blog\/wp-content\/uploads\/2016\/10\/1Mir\u00f3-72_Clovis-Pr\u00e9vost-low_.jpg\",\"contentUrl\":\"https:\/\/www.fmirobcn.org\/blog\/wp-content\/uploads\/2016\/10\/1Mir\u00f3-72_Clovis-Pr\u00e9vost-low_.jpg\",\"width\":2812,\"height\":2157},{\"@type\":\"BreadcrumbList\",\"@id\":\"https:\/\/www.fmirobcn.org\/blog\/es\/2016\/11\/07\/miro-el-viquipedista\/#breadcrumb\",\"itemListElement\":[{\"@type\":\"ListItem\",\"position\":1,\"name\":\"Inici\",\"item\":\"https:\/\/www.fmirobcn.org\/blog\/\"},{\"@type\":\"ListItem\",\"position\":2,\"name\":\"Mir\u00f3, Viquipedista\"}]},{\"@type\":\"WebSite\",\"@id\":\"https:\/\/www.fmirobcn.org\/blog\/#website\",\"url\":\"https:\/\/www.fmirobcn.org\/blog\/\",\"name\":\"Blog Fundaci\u00f3 Joan Mir\u00f3\",\"description\":\"El blog de la Fundaci\u00f3 Joan Mir\u00f3 acoge diversas voces que estiran los hilos tem\u00e1ticos de la actividad de la Fundaci\u00f3, expandiendo los contenidos y generando nuevos puntos de vista sobre la creaci\u00f3n, sobre Mir\u00f3 o sobre los temas relacionados con las exposiciones.\",\"potentialAction\":[{\"@type\":\"SearchAction\",\"target\":{\"@type\":\"EntryPoint\",\"urlTemplate\":\"https:\/\/www.fmirobcn.org\/blog\/?s={search_term_string}\"},\"query-input\":{\"@type\":\"PropertyValueSpecification\",\"valueRequired\":true,\"valueName\":\"search_term_string\"}}],\"inLanguage\":\"es-ES\"},{\"@type\":\"Person\",\"@id\":\"https:\/\/www.fmirobcn.org\/blog\/#\/schema\/person\/7f92e64ed35c3aa471027db8c8b5c4e4\",\"name\":\"\u00c0lex Hinojo\",\"description\":\"Director de projectes d\u2019Amical Wikimedia, l\u2019associaci\u00f3 que promou la Viquip\u00e8dia i el coneixement lliure en catal\u00e0.\",\"url\":\"https:\/\/www.fmirobcn.org\/blog\/es\/author\/alex-hinojo\/\"}]}<\/script>\n<!-- \/ Yoast SEO plugin. -->","yoast_head_json":{"title":"Mir\u00f3, Viquipedista - Blog Fundaci\u00f3 Joan Mir\u00f3","robots":{"index":"index","follow":"follow","max-snippet":"max-snippet:-1","max-image-preview":"max-image-preview:large","max-video-preview":"max-video-preview:-1"},"canonical":"https:\/\/www.fmirobcn.org\/blog\/es\/2016\/11\/07\/miro-el-viquipedista\/","og_locale":"es_ES","og_type":"article","og_title":"Mir\u00f3, Viquipedista - Blog Fundaci\u00f3 Joan Mir\u00f3","og_description":"\u00bfJoan Mir\u00f3 ser\u00eda un buen wikipedista? Durante los \u00faltimos a\u00f1os he creado decenas de art\u00edculos sobre obras de Joan Mir\u00f3 en la Wikipedia, en varios idiomas. Revolviendo libros, prensa, v\u00eddeos, intentando documentar lo mejor posible la figura del c\u00e9lebre pintor catal\u00e1n. \u00bfPor qu\u00e9 lo hago? No hay una \u00fanica respuesta: para compartir mi pasi\u00f3n, para &hellip; Contin\u00faa leyendo Mir\u00f3, Viquipedista","og_url":"https:\/\/www.fmirobcn.org\/blog\/es\/2016\/11\/07\/miro-el-viquipedista\/","og_site_name":"Blog Fundaci\u00f3 Joan Mir\u00f3","article_published_time":"2016-11-07T08:00:54+00:00","article_modified_time":"2016-11-22T13:20:02+00:00","og_image":[{"width":2812,"height":2157,"url":"https:\/\/www.fmirobcn.org\/blog\/wp-content\/uploads\/2016\/10\/1Mir\u00f3-72_Clovis-Pr\u00e9vost-low_.jpg","type":"image\/jpeg"}],"author":"\u00c0lex Hinojo","twitter_card":"summary_large_image","twitter_misc":{"Written by":"\u00c0lex Hinojo","Est. reading time":"4 minutes"},"schema":{"@context":"https:\/\/schema.org","@graph":[{"@type":"WebPage","@id":"https:\/\/www.fmirobcn.org\/blog\/es\/2016\/11\/07\/miro-el-viquipedista\/","url":"https:\/\/www.fmirobcn.org\/blog\/es\/2016\/11\/07\/miro-el-viquipedista\/","name":"Mir\u00f3, Viquipedista - Blog Fundaci\u00f3 Joan Mir\u00f3","isPartOf":{"@id":"https:\/\/www.fmirobcn.org\/blog\/#website"},"primaryImageOfPage":{"@id":"https:\/\/www.fmirobcn.org\/blog\/es\/2016\/11\/07\/miro-el-viquipedista\/#primaryimage"},"image":{"@id":"https:\/\/www.fmirobcn.org\/blog\/es\/2016\/11\/07\/miro-el-viquipedista\/#primaryimage"},"thumbnailUrl":"https:\/\/www.fmirobcn.org\/blog\/wp-content\/uploads\/2016\/10\/1Mir\u00f3-72_Clovis-Pr\u00e9vost-low_.jpg","datePublished":"2016-11-07T08:00:54+00:00","dateModified":"2016-11-22T13:20:02+00:00","author":{"@id":"https:\/\/www.fmirobcn.org\/blog\/#\/schema\/person\/7f92e64ed35c3aa471027db8c8b5c4e4"},"breadcrumb":{"@id":"https:\/\/www.fmirobcn.org\/blog\/es\/2016\/11\/07\/miro-el-viquipedista\/#breadcrumb"},"inLanguage":"es-ES","potentialAction":[{"@type":"ReadAction","target":["https:\/\/www.fmirobcn.org\/blog\/es\/2016\/11\/07\/miro-el-viquipedista\/"]}]},{"@type":"ImageObject","inLanguage":"es-ES","@id":"https:\/\/www.fmirobcn.org\/blog\/es\/2016\/11\/07\/miro-el-viquipedista\/#primaryimage","url":"https:\/\/www.fmirobcn.org\/blog\/wp-content\/uploads\/2016\/10\/1Mir\u00f3-72_Clovis-Pr\u00e9vost-low_.jpg","contentUrl":"https:\/\/www.fmirobcn.org\/blog\/wp-content\/uploads\/2016\/10\/1Mir\u00f3-72_Clovis-Pr\u00e9vost-low_.jpg","width":2812,"height":2157},{"@type":"BreadcrumbList","@id":"https:\/\/www.fmirobcn.org\/blog\/es\/2016\/11\/07\/miro-el-viquipedista\/#breadcrumb","itemListElement":[{"@type":"ListItem","position":1,"name":"Inici","item":"https:\/\/www.fmirobcn.org\/blog\/"},{"@type":"ListItem","position":2,"name":"Mir\u00f3, Viquipedista"}]},{"@type":"WebSite","@id":"https:\/\/www.fmirobcn.org\/blog\/#website","url":"https:\/\/www.fmirobcn.org\/blog\/","name":"Blog Fundaci\u00f3 Joan Mir\u00f3","description":"El blog de la Fundaci\u00f3 Joan Mir\u00f3 acoge diversas voces que estiran los hilos tem\u00e1ticos de la actividad de la Fundaci\u00f3, expandiendo los contenidos y generando nuevos puntos de vista sobre la creaci\u00f3n, sobre Mir\u00f3 o sobre los temas relacionados con las exposiciones.","potentialAction":[{"@type":"SearchAction","target":{"@type":"EntryPoint","urlTemplate":"https:\/\/www.fmirobcn.org\/blog\/?s={search_term_string}"},"query-input":{"@type":"PropertyValueSpecification","valueRequired":true,"valueName":"search_term_string"}}],"inLanguage":"es-ES"},{"@type":"Person","@id":"https:\/\/www.fmirobcn.org\/blog\/#\/schema\/person\/7f92e64ed35c3aa471027db8c8b5c4e4","name":"\u00c0lex Hinojo","description":"Director de projectes d\u2019Amical Wikimedia, l\u2019associaci\u00f3 que promou la Viquip\u00e8dia i el coneixement lliure en catal\u00e0.","url":"https:\/\/www.fmirobcn.org\/blog\/es\/author\/alex-hinojo\/"}]}},"_links":{"self":[{"href":"https:\/\/www.fmirobcn.org\/blog\/es\/wp-json\/wp\/v2\/posts\/111","targetHints":{"allow":["GET"]}}],"collection":[{"href":"https:\/\/www.fmirobcn.org\/blog\/es\/wp-json\/wp\/v2\/posts"}],"about":[{"href":"https:\/\/www.fmirobcn.org\/blog\/es\/wp-json\/wp\/v2\/types\/post"}],"author":[{"embeddable":true,"href":"https:\/\/www.fmirobcn.org\/blog\/es\/wp-json\/wp\/v2\/users\/6"}],"replies":[{"embeddable":true,"href":"https:\/\/www.fmirobcn.org\/blog\/es\/wp-json\/wp\/v2\/comments?post=111"}],"version-history":[{"count":9,"href":"https:\/\/www.fmirobcn.org\/blog\/es\/wp-json\/wp\/v2\/posts\/111\/revisions"}],"predecessor-version":[{"id":254,"href":"https:\/\/www.fmirobcn.org\/blog\/es\/wp-json\/wp\/v2\/posts\/111\/revisions\/254"}],"wp:featuredmedia":[{"embeddable":true,"href":"https:\/\/www.fmirobcn.org\/blog\/es\/wp-json\/wp\/v2\/media\/86"}],"wp:attachment":[{"href":"https:\/\/www.fmirobcn.org\/blog\/es\/wp-json\/wp\/v2\/media?parent=111"}],"wp:term":[{"taxonomy":"category","embeddable":true,"href":"https:\/\/www.fmirobcn.org\/blog\/es\/wp-json\/wp\/v2\/categories?post=111"},{"taxonomy":"post_tag","embeddable":true,"href":"https:\/\/www.fmirobcn.org\/blog\/es\/wp-json\/wp\/v2\/tags?post=111"}],"curies":[{"name":"wp","href":"https:\/\/api.w.org\/{rel}","templated":true}]}}