{"id":1340,"date":"2019-05-29T09:42:46","date_gmt":"2019-05-29T08:42:46","guid":{"rendered":"https:\/\/www.fmirobcn.org\/blog\/?p=1340"},"modified":"2019-05-29T10:16:16","modified_gmt":"2019-05-29T09:16:16","slug":"orim","status":"publish","type":"post","link":"https:\/\/www.fmirobcn.org\/blog\/es\/2019\/05\/29\/orim\/","title":{"rendered":"ORIM"},"content":{"rendered":"<p>Era finales de 1968 cuando los arquitectos socios de Studio PER (Pep Bonet, Cristian Cirici, Llu\u00eds Clotet y Oscar Tusquets), con veintisiete a\u00f1os reci\u00e9n cumplidos, recibimos del Colegio de Arquitectos de Catalu\u00f1a y Baleares el encargo de realizar el guion y el montaje en la sede colegial de una contraexposici\u00f3n \u2014que titulamos <em>Orim, otro<\/em> (<em>Mir\u00f3<\/em> escrito de derecha a izquierda)\u2014 de la exposici\u00f3n antol\u00f3gica organizada por el Ayuntamiento de Barcelona en el marco g\u00f3tico del antiguo Hospital de la Santa Creu.<\/p>\n<p><img loading=\"lazy\" decoding=\"async\" class=\"alignnone size-full wp-image-1352\" src=\"https:\/\/www.fmirobcn.org\/blog\/wp-content\/uploads\/2019\/05\/miro-otro-cartell-crop.jpg\" alt=\"\" width=\"316\" height=\"458\" srcset=\"https:\/\/www.fmirobcn.org\/blog\/wp-content\/uploads\/2019\/05\/miro-otro-cartell-crop.jpg 316w, https:\/\/www.fmirobcn.org\/blog\/wp-content\/uploads\/2019\/05\/miro-otro-cartell-crop-207x300.jpg 207w, https:\/\/www.fmirobcn.org\/blog\/wp-content\/uploads\/2019\/05\/miro-otro-cartell-crop-314x455.jpg 314w\" sizes=\"auto, (max-width: 316px) 100vw, 316px\" \/><\/p>\n<p class=\"peu-foto\">Cartel y programa de mano de la exposici\u00f3n <em>Mir\u00f3, otro<\/em>, 1969<\/p>\n<p>Pese a las dificultades que la dictadura del general Franco representaba para la apertura hacia el extranjero, nos sent\u00edamos muy pr\u00f3ximos a los acontecimientos de mayo del 68 en Par\u00eds. Barcelona era, en aquel entonces, una ciudad m\u00e1s cosmopolita que ahora, que no deja de ser una ciudad a la que el \u00e9xito tur\u00edstico le va diluyendo la personalidad. Y conservamos un recuerdo imborrable de aquellos meses en que estuvimos trabajando en el proyecto, asesorados por Joan Brossa, Alexandre Cirici, Pere Portabella, Joan Prats y Antoni T\u00e0pies, y sobre todo del contacto con Joan Mir\u00f3.<\/p>\n<p>En el transcurso de una cena en el Reno, le mostramos a Joan Mir\u00f3 nuestro guion, le pedimos una intervenci\u00f3n personal sobre los cristales que rodean la planta baja del Colegio y fijamos una fecha para visitar su estudio de Mallorca y escoger algunas pinturas originales para la exposici\u00f3n. Al estudio de Mir\u00f3 fuimos Oscar Tusquets y yo mismo. Su casa era bastante <em>kitsch<\/em>. Una pecera situada sobre una especie de parterre interior era el elemento arquitect\u00f3nico que mejor recuerdo de la sala de estar donde aguardamos a que bajara de su dormitorio. Se excus\u00f3 diciendo que aquel era el terreno de su esposa Pilar, que ten\u00eda un hermano arquitecto que les hab\u00eda obsequiado con el proyecto. Enseguida nos condujo a su estudio, un edificio de gran calidad arquitect\u00f3nica y muy vivido por Mir\u00f3, repleto de obra suya en curso de ejecuci\u00f3n, recortes de revistas y peri\u00f3dicos y diversos objetos de arte primitivo africano. Las pinturas en las que estaba trabajando nos impresionaron mucho.<\/p>\n<p>Nuestro guion planteaba dividir la exposici\u00f3n en dos espacios bien diferenciados, separados por la escalera que conduce a la denominada Sala Picasso y que propon\u00edamos cerrar lateralmente y por arriba para dar la impresi\u00f3n de un t\u00fanel en pendiente acusada. El espacio inferior estar\u00eda dedicado al Mir\u00f3 anterior a la Guerra Civil; el espacio de arriba, al Mir\u00f3 posterior a la guerra. El t\u00fanel-escalera entre ambos espacios simbolizar\u00eda la \u00e9poca oscura de la guerra, y en \u00e9l se proyectar\u00eda una pel\u00edcula que encargamos a Pere Portabella.<\/p>\n<p><img loading=\"lazy\" decoding=\"async\" class=\"alignnone size-full wp-image-1348\" src=\"https:\/\/www.fmirobcn.org\/blog\/wp-content\/uploads\/2019\/05\/1376-01e_miro_otro.jpg\" alt=\"\" width=\"500\" height=\"326\" srcset=\"https:\/\/www.fmirobcn.org\/blog\/wp-content\/uploads\/2019\/05\/1376-01e_miro_otro.jpg 500w, https:\/\/www.fmirobcn.org\/blog\/wp-content\/uploads\/2019\/05\/1376-01e_miro_otro-300x196.jpg 300w\" sizes=\"auto, (max-width: 500px) 100vw, 500px\" \/><\/p>\n<p><img loading=\"lazy\" decoding=\"async\" class=\"alignnone wp-image-1355\" src=\"https:\/\/www.fmirobcn.org\/blog\/wp-content\/uploads\/2019\/05\/652-118_01b_miro_otro-01.jpg\" alt=\"\" width=\"315\" height=\"494\" srcset=\"https:\/\/www.fmirobcn.org\/blog\/wp-content\/uploads\/2019\/05\/652-118_01b_miro_otro-01-192x300.jpg 192w, https:\/\/www.fmirobcn.org\/blog\/wp-content\/uploads\/2019\/05\/652-118_01b_miro_otro-01-291x455.jpg 291w\" sizes=\"auto, (max-width: 315px) 100vw, 315px\" \/><\/p>\n<p class=\"peu-foto\">Salas de la exposici\u00f3n\u00a0<em>Mir\u00f3, otro<\/em> en el COAC<\/p>\n<p>Dise\u00f1amos los diferentes rincones y vitrinas que deb\u00edan alojar los cuadros y objetos de la exposici\u00f3n, con los materiales propios de los encofrados que nos proporcion\u00f3 desinteresadamente la empresa constructora que m\u00e1s apreci\u00e1bamos en aquel tiempo, y que por desgracia ha desaparecido del mercado: Famadas, SA.<\/p>\n<p>En cuanto al contenido, a pesar de que Mir\u00f3, Prats y T\u00e0pies nos ofrecieron obras originales de sus colecciones particulares, utilizamos solo aquellas obras que brindaban mayores posibilidades did\u00e1cticas y que reflejaban una actitud m\u00e1s contestataria. Las grandes obras no nos interesaban, puesto que ya pod\u00edan verse en la gran muestra del Hospital de la Santa Creu.<\/p>\n<p>Buena parte de nuestra exposici\u00f3n consist\u00eda en una selecci\u00f3n de fotograf\u00edas ampliadas de fragmentos de cuadros en los que estaba presente la simbolog\u00eda de Mir\u00f3, como el sexo femenino representado por unos labios genitales velludos o bien curas pasando por el aro, tal como puede verse en los grabados de la serie <em>Barcelona<\/em>. Pero en nuestro guion figuraba, adem\u00e1s, pedirle a Joan Mir\u00f3 que llevara a cabo alguna intervenci\u00f3n en los cristales que rodean la planta baja de la sede del Colegio de Arquitectos, en la plaza Nova. Nosotros imagin\u00e1bamos que, en el mejor de los casos, estampar\u00eda su firma, pero su respuesta entusiasta consisti\u00f3 en ofrecerse a pintar un mural con cuatro colores y negro. A cada uno de los guionistas nos adjudic\u00f3 un color y \u00e9l se reserv\u00f3 el negro, que aplic\u00f3 con una escoba, para corregir lo que nosotros hab\u00edamos pintado momentos antes. Era, en grandes dimensiones, la misma actitud que condujo a Mir\u00f3, en la \u00faltima etapa de su vida como artista, a pintar sobre cuadros an\u00f3nimos que adquir\u00eda en exposiciones provincianas.<\/p>\n<p><img loading=\"lazy\" decoding=\"async\" class=\"alignnone size-full wp-image-1346\" src=\"https:\/\/www.fmirobcn.org\/blog\/wp-content\/uploads\/2019\/05\/miro-laltre_420.jpg\" alt=\"\" width=\"420\" height=\"315\" srcset=\"https:\/\/www.fmirobcn.org\/blog\/wp-content\/uploads\/2019\/05\/miro-laltre_420.jpg 420w, https:\/\/www.fmirobcn.org\/blog\/wp-content\/uploads\/2019\/05\/miro-laltre_420-300x225.jpg 300w\" sizes=\"auto, (max-width: 420px) 100vw, 420px\" \/><\/p>\n<p class=\"peu-foto\">Fotograma del film &#8220;Mir\u00f3, l&#8217;altre&#8221;, de Pere Portabella, 1969<\/p>\n<p><img loading=\"lazy\" decoding=\"async\" class=\"alignnone size-full wp-image-1349\" src=\"https:\/\/www.fmirobcn.org\/blog\/wp-content\/uploads\/2019\/05\/Esb\u00f3s-del-mural-executat-a-les-vidrieres-del-Col\u00b7legi-Oficial-dArquitectes-de-Catalunya-i-Balears-per-a-lexposici\u00f3-Mir\u00f3-otro-1969.jpg\" alt=\"\" width=\"3883\" height=\"397\" srcset=\"https:\/\/www.fmirobcn.org\/blog\/wp-content\/uploads\/2019\/05\/Esb\u00f3s-del-mural-executat-a-les-vidrieres-del-Col\u00b7legi-Oficial-dArquitectes-de-Catalunya-i-Balears-per-a-lexposici\u00f3-Mir\u00f3-otro-1969.jpg 3883w, https:\/\/www.fmirobcn.org\/blog\/wp-content\/uploads\/2019\/05\/Esb\u00f3s-del-mural-executat-a-les-vidrieres-del-Col\u00b7legi-Oficial-dArquitectes-de-Catalunya-i-Balears-per-a-lexposici\u00f3-Mir\u00f3-otro-1969-300x31.jpg 300w, https:\/\/www.fmirobcn.org\/blog\/wp-content\/uploads\/2019\/05\/Esb\u00f3s-del-mural-executat-a-les-vidrieres-del-Col\u00b7legi-Oficial-dArquitectes-de-Catalunya-i-Balears-per-a-lexposici\u00f3-Mir\u00f3-otro-1969-768x79.jpg 768w, https:\/\/www.fmirobcn.org\/blog\/wp-content\/uploads\/2019\/05\/Esb\u00f3s-del-mural-executat-a-les-vidrieres-del-Col\u00b7legi-Oficial-dArquitectes-de-Catalunya-i-Balears-per-a-lexposici\u00f3-Mir\u00f3-otro-1969-800x82.jpg 800w, https:\/\/www.fmirobcn.org\/blog\/wp-content\/uploads\/2019\/05\/Esb\u00f3s-del-mural-executat-a-les-vidrieres-del-Col\u00b7legi-Oficial-dArquitectes-de-Catalunya-i-Balears-per-a-lexposici\u00f3-Mir\u00f3-otro-1969-533x54.jpg 533w\" sizes=\"auto, (max-width: 3883px) 100vw, 3883px\" \/><\/p>\n<p class=\"peu-foto\">Boceto del mural ejecutado en las ventanas del Col\u00b7legi Oficial d&#8217;Arquitectes de Catalunya i Balears para la exposici\u00f3n\u00a0<em>Mir\u00f3, otro<\/em>, 1969<\/p>\n","protected":false},"excerpt":{"rendered":"<p>Era finales de 1968 cuando los arquitectos socios de Studio PER (Pep Bonet, Cristian Cirici, Llu\u00eds Clotet y Oscar Tusquets), con veintisiete a\u00f1os reci\u00e9n cumplidos, recibimos del Colegio de Arquitectos de Catalu\u00f1a y Baleares el encargo de realizar el guion y el montaje en la sede colegial de una contraexposici\u00f3n \u2014que titulamos Orim, otro (Mir\u00f3 &hellip; <a href=\"https:\/\/www.fmirobcn.org\/blog\/es\/2019\/05\/29\/orim\/\" class=\"more-link\">Contin\u00faa leyendo <span class=\"screen-reader-text\">ORIM<\/span><\/a><\/p>\n","protected":false},"author":43,"featured_media":1350,"comment_status":"closed","ping_status":"closed","sticky":false,"template":"","format":"standard","meta":{"_acf_changed":false,"footnotes":""},"categories":[243,97,54],"tags":[360,363,362],"class_list":["post-1340","post","type-post","status-publish","format-standard","has-post-thumbnail","hentry","category-arquitectura-es","category-exposiciones","category-miro-es","tag-coac-es","tag-reivindicacion","tag-studio-per-es"],"acf":[],"yoast_head":"<!-- This site is optimized with the Yoast SEO plugin v26.1 - https:\/\/yoast.com\/wordpress\/plugins\/seo\/ -->\n<title>ORIM - Blog Fundaci\u00f3 Joan Mir\u00f3<\/title>\n<meta name=\"robots\" content=\"index, follow, max-snippet:-1, max-image-preview:large, max-video-preview:-1\" \/>\n<link rel=\"canonical\" href=\"https:\/\/www.fmirobcn.org\/blog\/es\/2019\/05\/29\/orim\/\" \/>\n<meta property=\"og:locale\" content=\"es_ES\" \/>\n<meta property=\"og:type\" content=\"article\" \/>\n<meta property=\"og:title\" content=\"ORIM - Blog Fundaci\u00f3 Joan Mir\u00f3\" \/>\n<meta property=\"og:description\" content=\"Era finales de 1968 cuando los arquitectos socios de Studio PER (Pep Bonet, Cristian Cirici, Llu\u00eds Clotet y Oscar Tusquets), con veintisiete a\u00f1os reci\u00e9n cumplidos, recibimos del Colegio de Arquitectos de Catalu\u00f1a y Baleares el encargo de realizar el guion y el montaje en la sede colegial de una contraexposici\u00f3n \u2014que titulamos Orim, otro (Mir\u00f3 &hellip; Contin\u00faa leyendo ORIM\" \/>\n<meta property=\"og:url\" content=\"https:\/\/www.fmirobcn.org\/blog\/es\/2019\/05\/29\/orim\/\" \/>\n<meta property=\"og:site_name\" content=\"Blog Fundaci\u00f3 Joan Mir\u00f3\" \/>\n<meta property=\"article:published_time\" content=\"2019-05-29T08:42:46+00:00\" \/>\n<meta property=\"article:modified_time\" content=\"2019-05-29T09:16:16+00:00\" \/>\n<meta property=\"og:image\" content=\"https:\/\/www.fmirobcn.org\/blog\/wp-content\/uploads\/2019\/05\/m.a.3.jpg\" \/>\n\t<meta property=\"og:image:width\" content=\"640\" \/>\n\t<meta property=\"og:image:height\" content=\"480\" \/>\n\t<meta property=\"og:image:type\" content=\"image\/jpeg\" \/>\n<meta name=\"author\" content=\"Cristian Cirici\" \/>\n<meta name=\"twitter:card\" content=\"summary_large_image\" \/>\n<meta name=\"twitter:label1\" content=\"Written by\" \/>\n\t<meta name=\"twitter:data1\" content=\"Cristian Cirici\" \/>\n\t<meta name=\"twitter:label2\" content=\"Est. reading time\" \/>\n\t<meta name=\"twitter:data2\" content=\"4 minutes\" \/>\n<script type=\"application\/ld+json\" class=\"yoast-schema-graph\">{\"@context\":\"https:\/\/schema.org\",\"@graph\":[{\"@type\":\"WebPage\",\"@id\":\"https:\/\/www.fmirobcn.org\/blog\/es\/2019\/05\/29\/orim\/\",\"url\":\"https:\/\/www.fmirobcn.org\/blog\/es\/2019\/05\/29\/orim\/\",\"name\":\"ORIM - Blog Fundaci\u00f3 Joan Mir\u00f3\",\"isPartOf\":{\"@id\":\"https:\/\/www.fmirobcn.org\/blog\/#website\"},\"primaryImageOfPage\":{\"@id\":\"https:\/\/www.fmirobcn.org\/blog\/es\/2019\/05\/29\/orim\/#primaryimage\"},\"image\":{\"@id\":\"https:\/\/www.fmirobcn.org\/blog\/es\/2019\/05\/29\/orim\/#primaryimage\"},\"thumbnailUrl\":\"https:\/\/www.fmirobcn.org\/blog\/wp-content\/uploads\/2019\/05\/m.a.3.jpg\",\"datePublished\":\"2019-05-29T08:42:46+00:00\",\"dateModified\":\"2019-05-29T09:16:16+00:00\",\"author\":{\"@id\":\"https:\/\/www.fmirobcn.org\/blog\/#\/schema\/person\/2af639141386412f74e772c1bb6a40bb\"},\"breadcrumb\":{\"@id\":\"https:\/\/www.fmirobcn.org\/blog\/es\/2019\/05\/29\/orim\/#breadcrumb\"},\"inLanguage\":\"es-ES\",\"potentialAction\":[{\"@type\":\"ReadAction\",\"target\":[\"https:\/\/www.fmirobcn.org\/blog\/es\/2019\/05\/29\/orim\/\"]}]},{\"@type\":\"ImageObject\",\"inLanguage\":\"es-ES\",\"@id\":\"https:\/\/www.fmirobcn.org\/blog\/es\/2019\/05\/29\/orim\/#primaryimage\",\"url\":\"https:\/\/www.fmirobcn.org\/blog\/wp-content\/uploads\/2019\/05\/m.a.3.jpg\",\"contentUrl\":\"https:\/\/www.fmirobcn.org\/blog\/wp-content\/uploads\/2019\/05\/m.a.3.jpg\",\"width\":640,\"height\":480},{\"@type\":\"BreadcrumbList\",\"@id\":\"https:\/\/www.fmirobcn.org\/blog\/es\/2019\/05\/29\/orim\/#breadcrumb\",\"itemListElement\":[{\"@type\":\"ListItem\",\"position\":1,\"name\":\"Inici\",\"item\":\"https:\/\/www.fmirobcn.org\/blog\/\"},{\"@type\":\"ListItem\",\"position\":2,\"name\":\"ORIM\"}]},{\"@type\":\"WebSite\",\"@id\":\"https:\/\/www.fmirobcn.org\/blog\/#website\",\"url\":\"https:\/\/www.fmirobcn.org\/blog\/\",\"name\":\"Blog Fundaci\u00f3 Joan Mir\u00f3\",\"description\":\"El blog de la Fundaci\u00f3 Joan Mir\u00f3 acoge diversas voces que estiran los hilos tem\u00e1ticos de la actividad de la Fundaci\u00f3, expandiendo los contenidos y generando nuevos puntos de vista sobre la creaci\u00f3n, sobre Mir\u00f3 o sobre los temas relacionados con las exposiciones.\",\"potentialAction\":[{\"@type\":\"SearchAction\",\"target\":{\"@type\":\"EntryPoint\",\"urlTemplate\":\"https:\/\/www.fmirobcn.org\/blog\/?s={search_term_string}\"},\"query-input\":{\"@type\":\"PropertyValueSpecification\",\"valueRequired\":true,\"valueName\":\"search_term_string\"}}],\"inLanguage\":\"es-ES\"},{\"@type\":\"Person\",\"@id\":\"https:\/\/www.fmirobcn.org\/blog\/#\/schema\/person\/2af639141386412f74e772c1bb6a40bb\",\"name\":\"Cristian Cirici\",\"url\":\"https:\/\/www.fmirobcn.org\/blog\/es\/author\/cristian-cirici\/\"}]}<\/script>\n<!-- \/ Yoast SEO plugin. -->","yoast_head_json":{"title":"ORIM - Blog Fundaci\u00f3 Joan Mir\u00f3","robots":{"index":"index","follow":"follow","max-snippet":"max-snippet:-1","max-image-preview":"max-image-preview:large","max-video-preview":"max-video-preview:-1"},"canonical":"https:\/\/www.fmirobcn.org\/blog\/es\/2019\/05\/29\/orim\/","og_locale":"es_ES","og_type":"article","og_title":"ORIM - Blog Fundaci\u00f3 Joan Mir\u00f3","og_description":"Era finales de 1968 cuando los arquitectos socios de Studio PER (Pep Bonet, Cristian Cirici, Llu\u00eds Clotet y Oscar Tusquets), con veintisiete a\u00f1os reci\u00e9n cumplidos, recibimos del Colegio de Arquitectos de Catalu\u00f1a y Baleares el encargo de realizar el guion y el montaje en la sede colegial de una contraexposici\u00f3n \u2014que titulamos Orim, otro (Mir\u00f3 &hellip; Contin\u00faa leyendo ORIM","og_url":"https:\/\/www.fmirobcn.org\/blog\/es\/2019\/05\/29\/orim\/","og_site_name":"Blog Fundaci\u00f3 Joan Mir\u00f3","article_published_time":"2019-05-29T08:42:46+00:00","article_modified_time":"2019-05-29T09:16:16+00:00","og_image":[{"width":640,"height":480,"url":"https:\/\/www.fmirobcn.org\/blog\/wp-content\/uploads\/2019\/05\/m.a.3.jpg","type":"image\/jpeg"}],"author":"Cristian Cirici","twitter_card":"summary_large_image","twitter_misc":{"Written by":"Cristian Cirici","Est. reading time":"4 minutes"},"schema":{"@context":"https:\/\/schema.org","@graph":[{"@type":"WebPage","@id":"https:\/\/www.fmirobcn.org\/blog\/es\/2019\/05\/29\/orim\/","url":"https:\/\/www.fmirobcn.org\/blog\/es\/2019\/05\/29\/orim\/","name":"ORIM - Blog Fundaci\u00f3 Joan Mir\u00f3","isPartOf":{"@id":"https:\/\/www.fmirobcn.org\/blog\/#website"},"primaryImageOfPage":{"@id":"https:\/\/www.fmirobcn.org\/blog\/es\/2019\/05\/29\/orim\/#primaryimage"},"image":{"@id":"https:\/\/www.fmirobcn.org\/blog\/es\/2019\/05\/29\/orim\/#primaryimage"},"thumbnailUrl":"https:\/\/www.fmirobcn.org\/blog\/wp-content\/uploads\/2019\/05\/m.a.3.jpg","datePublished":"2019-05-29T08:42:46+00:00","dateModified":"2019-05-29T09:16:16+00:00","author":{"@id":"https:\/\/www.fmirobcn.org\/blog\/#\/schema\/person\/2af639141386412f74e772c1bb6a40bb"},"breadcrumb":{"@id":"https:\/\/www.fmirobcn.org\/blog\/es\/2019\/05\/29\/orim\/#breadcrumb"},"inLanguage":"es-ES","potentialAction":[{"@type":"ReadAction","target":["https:\/\/www.fmirobcn.org\/blog\/es\/2019\/05\/29\/orim\/"]}]},{"@type":"ImageObject","inLanguage":"es-ES","@id":"https:\/\/www.fmirobcn.org\/blog\/es\/2019\/05\/29\/orim\/#primaryimage","url":"https:\/\/www.fmirobcn.org\/blog\/wp-content\/uploads\/2019\/05\/m.a.3.jpg","contentUrl":"https:\/\/www.fmirobcn.org\/blog\/wp-content\/uploads\/2019\/05\/m.a.3.jpg","width":640,"height":480},{"@type":"BreadcrumbList","@id":"https:\/\/www.fmirobcn.org\/blog\/es\/2019\/05\/29\/orim\/#breadcrumb","itemListElement":[{"@type":"ListItem","position":1,"name":"Inici","item":"https:\/\/www.fmirobcn.org\/blog\/"},{"@type":"ListItem","position":2,"name":"ORIM"}]},{"@type":"WebSite","@id":"https:\/\/www.fmirobcn.org\/blog\/#website","url":"https:\/\/www.fmirobcn.org\/blog\/","name":"Blog Fundaci\u00f3 Joan Mir\u00f3","description":"El blog de la Fundaci\u00f3 Joan Mir\u00f3 acoge diversas voces que estiran los hilos tem\u00e1ticos de la actividad de la Fundaci\u00f3, expandiendo los contenidos y generando nuevos puntos de vista sobre la creaci\u00f3n, sobre Mir\u00f3 o sobre los temas relacionados con las exposiciones.","potentialAction":[{"@type":"SearchAction","target":{"@type":"EntryPoint","urlTemplate":"https:\/\/www.fmirobcn.org\/blog\/?s={search_term_string}"},"query-input":{"@type":"PropertyValueSpecification","valueRequired":true,"valueName":"search_term_string"}}],"inLanguage":"es-ES"},{"@type":"Person","@id":"https:\/\/www.fmirobcn.org\/blog\/#\/schema\/person\/2af639141386412f74e772c1bb6a40bb","name":"Cristian Cirici","url":"https:\/\/www.fmirobcn.org\/blog\/es\/author\/cristian-cirici\/"}]}},"_links":{"self":[{"href":"https:\/\/www.fmirobcn.org\/blog\/es\/wp-json\/wp\/v2\/posts\/1340","targetHints":{"allow":["GET"]}}],"collection":[{"href":"https:\/\/www.fmirobcn.org\/blog\/es\/wp-json\/wp\/v2\/posts"}],"about":[{"href":"https:\/\/www.fmirobcn.org\/blog\/es\/wp-json\/wp\/v2\/types\/post"}],"author":[{"embeddable":true,"href":"https:\/\/www.fmirobcn.org\/blog\/es\/wp-json\/wp\/v2\/users\/43"}],"replies":[{"embeddable":true,"href":"https:\/\/www.fmirobcn.org\/blog\/es\/wp-json\/wp\/v2\/comments?post=1340"}],"version-history":[{"count":5,"href":"https:\/\/www.fmirobcn.org\/blog\/es\/wp-json\/wp\/v2\/posts\/1340\/revisions"}],"predecessor-version":[{"id":1366,"href":"https:\/\/www.fmirobcn.org\/blog\/es\/wp-json\/wp\/v2\/posts\/1340\/revisions\/1366"}],"wp:featuredmedia":[{"embeddable":true,"href":"https:\/\/www.fmirobcn.org\/blog\/es\/wp-json\/wp\/v2\/media\/1350"}],"wp:attachment":[{"href":"https:\/\/www.fmirobcn.org\/blog\/es\/wp-json\/wp\/v2\/media?parent=1340"}],"wp:term":[{"taxonomy":"category","embeddable":true,"href":"https:\/\/www.fmirobcn.org\/blog\/es\/wp-json\/wp\/v2\/categories?post=1340"},{"taxonomy":"post_tag","embeddable":true,"href":"https:\/\/www.fmirobcn.org\/blog\/es\/wp-json\/wp\/v2\/tags?post=1340"}],"curies":[{"name":"wp","href":"https:\/\/api.w.org\/{rel}","templated":true}]}}