{"id":1516,"date":"2020-02-19T15:01:52","date_gmt":"2020-02-19T14:01:52","guid":{"rendered":"https:\/\/www.fmirobcn.org\/blog\/?p=1516"},"modified":"2020-02-24T12:06:57","modified_gmt":"2020-02-24T11:06:57","slug":"mont-roig-comprension-paisaje","status":"publish","type":"post","link":"https:\/\/www.fmirobcn.org\/blog\/es\/2020\/02\/19\/mont-roig-comprension-paisaje\/","title":{"rendered":"Mont-roig, la comprensi\u00f3n del paisaje"},"content":{"rendered":"<p>Barcelona, Par\u00eds y Mont-roig son paisajes ineludibles para penetrar en la obra de Joan Mir\u00f3. En Barcelona, su ciudad natal, el artista entra en contacto con las Galeries Dalmau, centro de difusi\u00f3n de la vanguardia europea, y es en la capital catalana donde se organiza su primera exposici\u00f3n individual, en invierno de 1918. Poco despu\u00e9s, en 1920, Mir\u00f3 logra ir a Par\u00eds, y en 1921 se establece all\u00ed de forma definitiva. Tanto Barcelona como Par\u00eds le abren los horizontes intelectuales y art\u00edsticos hacia las vanguardias; entra en contacto con artistas, poetas, marchantes, frecuenta caf\u00e9s, museos, librer\u00edas, talleres de artistas, coleccionistas\u2026 Pero ser\u00e1 en Mont-roig, un peque\u00f1o pueblo del Campo de Tarragona, donde durante sus estancias en los meses de verano en el Mas Mir\u00f3 ocurren muchos de los momentos decisivos en su evoluci\u00f3n como artista. Mont-roig resulta crucial para la trayectoria art\u00edstica y vital de Joan Mir\u00f3, el lugar al que siempre regresa.<\/p>\n<p>Conforman el paisaje, principalmente, olivos, algarrobos, pinos, almendros, higueras y vi\u00f1edos, y son frecuentes los espacios de cultivo de cereal y espacios de huerta regados por el agua extra\u00edda de las norias y albercas de las mas\u00edas. El pueblo se extiende desde las sierras de Colldejou y Llaberia hacia el mar, y Mir\u00f3 lo visita en sus paseos o haciendo footing.<\/p>\n<p>Es en Mont-roig donde asimila los ciclos naturales y observa los insectos, los animales en plena naturaleza, las estrellas, las nubes, los efectos del sol y la luna, las gradaciones de la luz en el paisaje, la acci\u00f3n de la lluvia en la tierra rojiza. Convive con los campesinos, se impregna de su sabidur\u00eda, comparte comidas con ellos, escucha sus historias, observa c\u00f3mo trabajan la tierra, cu\u00e1les son las herramientas que usan, los objetos que les rodean, el efecto de los ciclos naturales en su d\u00eda a d\u00eda. El entorno de Mont-roig y sus protagonistas contemplados con detalle estimulan en el artista una integraci\u00f3n del paisaje que no solo capta formalmente, sino que se convierte en una fuerza creadora y despierta en Mir\u00f3 un sentimiento de pertenencia: \u00abEs la tierra, la tierra: es m\u00e1s fuerte que yo. Las monta\u00f1as fant\u00e1sticas tienen un papel muy importante en mi vida, y el cielo tambi\u00e9n. [\u2026] es el choque de estas formas en mi esp\u00edritu, m\u00e1s que la visi\u00f3n en s\u00ed. En Mont-roig es la fuerza que me nutre, la fuerza\u00bb<sup><a href=\"#_ftn1\" name=\"_ftnref1\">[1]<\/a><\/sup>.<\/p>\n<p><img loading=\"lazy\" decoding=\"async\" class=\"alignnone wp-image-1506 size-full\" src=\"https:\/\/www.fmirobcn.org\/blog\/wp-content\/uploads\/2020\/02\/CROP-camp.jpg\" alt=\"\" width=\"767\" height=\"226\" srcset=\"https:\/\/www.fmirobcn.org\/blog\/wp-content\/uploads\/2020\/02\/CROP-camp.jpg 767w, https:\/\/www.fmirobcn.org\/blog\/wp-content\/uploads\/2020\/02\/CROP-camp-300x88.jpg 300w, https:\/\/www.fmirobcn.org\/blog\/wp-content\/uploads\/2020\/02\/CROP-camp-533x157.jpg 533w\" sizes=\"auto, (max-width: 767px) 100vw, 767px\" \/><\/p>\n<p class=\"peu-foto\"><em>Detalle de &#8220;Mont-roig, la iglesia y el pueblo&#8221;, Joan Mir\u00f3, <\/em><em>1919. Fundaci\u00f3 Joan Mir\u00f3, Barcelona. Dep\u00f3sito de colecci\u00f3n particular.<\/em><\/p>\n<p>En verano de 1918, pinta del natural algunos paisajes que corresponden a espacios del entorno del Mas Mir\u00f3: Huerto con asno, La rodera, La casa de la palmera y Tejer\u00eda, en Mont-roig. Estas pinturas muestran un claro deseo de representar con gran detalle los elementos del paisaje: \u00abEl gozo de llegar a comprender en un paisaje una peque\u00f1a hierba \u2014\u00bfpor qu\u00e9 despreciarla?\u2014, hierba tan graciosa como un \u00e1rbol o una monta\u00f1a. Fuera de los primitivos y de los japoneses, casi todo el mundo lo deja, eso tan divino. Todo el mundo busca y pinta solo las grandes masas de \u00e1rboles o monta\u00f1as sin o\u00edr la m\u00fasica de hierbecillas y peque\u00f1as flores y sin hacer ning\u00fan caso de las peque\u00f1as piedras de un barranco \u2014graciosamente\u2014\u00bb.<sup><a href=\"#_ftn1\" name=\"_ftnref1\">[2]<\/a><\/sup>\u00a0Expone aqu\u00ed algunos de sus referentes: la pintura del Extremo Oriente y los \u00abprimitivos\u00bb.<a href=\"#_ftn1\" name=\"_ftnref1\"><sup>[3]<\/sup><\/a><\/p>\n<p>Durante aquel verano y hasta el oto\u00f1o de 1919, pinta otro paisaje \u00abdetallista\u00bb: Mont-roig, la iglesia y el pueblo, con el que concluir\u00e1 esta serie de paisajes. A diferencia de los otros, el formato que emplea el artista es vertical y es esta orientaci\u00f3n del paisaje lo que nos hace percibirlo de forma escalonada. En primer t\u00e9rmino, hallamos bancales labrados, parcelas cultivadas, ca\u00f1as con tomateros. Vamos avanzando hacia el plano medio de la pintura, donde vemos el agua que mana de la acequia, en un espacio que queda delimitado por un margen de ladrillos, trazados minuciosamente, el cual encuadra un bancal en el que encontramos varios cultivos y vemos una figura humana cavando con una azada. Este espacio, ordenado con precisi\u00f3n, contrasta con el del plano superior, donde hay una masa de \u00e1rboles y vegetaci\u00f3n resplandecientes que se desbordan y nos llevan al estrato m\u00e1s alto, donde est\u00e1n representados en detalle la iglesia vieja y los dem\u00e1s edificios del pueblo, alineados.<\/p>\n<p>El artista nos hace saber que ha ido superando satisfactoriamente escollos durante su proceso de creaci\u00f3n: \u00abHe estudiado mucho, este verano; mis dos pinturas han sido cambiadas mil veces. Ahora apenas empieza a verse algo. Estoy contento de la tela del pueblo; despu\u00e9s de mucho estudiar he ido viendo, gozo intens\u00edsimo, las maravillas de la luz, las desfocaciones de las que nos hablaba el gran precursor C\u00e9zanne. \u00a1\u00a1Imag\u00ednate qu\u00e9 gran placer el de ir trabajando tiempo y tiempo y descubrir problemas nuevos!! No he despreciado nada de la realidad, convencido de que todo est\u00e1 contenido en ella. No hay nada anecd\u00f3tico (ni sombras, ni contraluz, ni crep\u00fasculos), lo que hay que hacer es pintarlo\u00bb.<a href=\"#_ftn1\" name=\"_ftnref1\"><sup>[4]<\/sup><\/a><\/p>\n<p><img loading=\"lazy\" decoding=\"async\" class=\"alignnone size-full wp-image-1537\" src=\"https:\/\/www.fmirobcn.org\/blog\/wp-content\/uploads\/2020\/02\/twin.jpg\" alt=\"\" width=\"1464\" height=\"762\" srcset=\"https:\/\/www.fmirobcn.org\/blog\/wp-content\/uploads\/2020\/02\/twin.jpg 1464w, https:\/\/www.fmirobcn.org\/blog\/wp-content\/uploads\/2020\/02\/twin-300x156.jpg 300w, https:\/\/www.fmirobcn.org\/blog\/wp-content\/uploads\/2020\/02\/twin-768x400.jpg 768w, https:\/\/www.fmirobcn.org\/blog\/wp-content\/uploads\/2020\/02\/twin-800x416.jpg 800w, https:\/\/www.fmirobcn.org\/blog\/wp-content\/uploads\/2020\/02\/twin-533x277.jpg 533w\" sizes=\"auto, (max-width: 1464px) 100vw, 1464px\" \/><\/p>\n<p class=\"peu-foto\"><em style=\"color: #000000; font-size: 0.875rem;\">&#8220;Mont-roig, la iglesia y el pueblo&#8221;, 1919. Fundaci\u00f3 Joan Mir\u00f3, Barcelona. Dep\u00f3sito de colecci\u00f3n particular.<br \/>\n<\/em><em>Joaquim Gomis: Vista de Mont-roig del Camp, 1946-1950 \u00a9 Joaquim Gomis. Hereus de Joaquim Gomis. Fundaci\u00f3 Joan Mir\u00f3, Barcelona.<\/em><\/p>\n<p>En efecto, todo lo que aparece se encuentra en la realidad, ya que, si hoy mismo, cien a\u00f1os despu\u00e9s, observamos este lugar de Mont-roig, a\u00fan son vigentes la mayor parte de los elementos formales representados en la pintura. Pero Joan Mir\u00f3, con Mont-roig, la iglesia y el pueblo, va m\u00e1s all\u00e1 de la representaci\u00f3n del paisaje, nos hace part\u00edcipes de su experiencia y comprensi\u00f3n del paisaje, nos presenta Mont-roig: lo visible y lo tangible simult\u00e1neamente con lo invisible y lo intangible.<\/p>\n<p>&nbsp;<\/p>\n<hr \/>\n<p>Notas:<\/p>\n<p><sup><a href=\"#_ftnref1\" name=\"_ftn1\">[1]<\/a> <\/sup>Mir\u00f3, Joan. <em>El color dels meus somnis. Converses amb Georges Raillard<\/em>. Palma: Lleonard Muntaner, 2009, p. 33.<br \/>\n<a href=\"#_ftnref1\" name=\"_ftn1\"><sup>[2]<\/sup><\/a> Joan Mir\u00f3 a Josep Francesc R\u00e0fols, carta aut\u00f3grafa firmada, Mont-roig, 11 ag. 1918 (Barcelona: Biblioteca de Catalunya, ms. 3366\/1, ff. 3-4).<br \/>\n<sup><a href=\"#_ftnref1\" name=\"_ftn1\">[3]<\/a><\/sup> Primitivos entendidos como pintores del realismo g\u00f3tico catal\u00e1n. Balsach, M. J. <em>Cosmogonies d\u2019un m\u00f3n originari (1918-1936)<\/em>. Barcelona: Gal\u00e0xia Gutenberg \/ Cercle de Lectors, 2007, p. 23.<br \/>\n<a href=\"#_ftnref1\" name=\"_ftn1\"><sup>[4]<\/sup><\/a> Joan Mir\u00f3 a Josep Francesc R\u00e0fols, carta aut\u00f3grafa firmada, Mont-roig, 21 ag. 1919 (Barcelona: Biblioteca de Catalunya, ms. 3366, ff. 10-11).<\/p>\n","protected":false},"excerpt":{"rendered":"<p>Barcelona, Par\u00eds y Mont-roig son paisajes ineludibles para penetrar en la obra de Joan Mir\u00f3. En Barcelona, su ciudad natal, el artista entra en contacto con las Galeries Dalmau, centro de difusi\u00f3n de la vanguardia europea, y es en la capital catalana donde se organiza su primera exposici\u00f3n individual, en invierno de 1918. Poco despu\u00e9s, &hellip; <a href=\"https:\/\/www.fmirobcn.org\/blog\/es\/2020\/02\/19\/mont-roig-comprension-paisaje\/\" class=\"more-link\">Contin\u00faa leyendo <span class=\"screen-reader-text\">Mont-roig, la comprensi\u00f3n del paisaje<\/span><\/a><\/p>\n","protected":false},"author":49,"featured_media":1531,"comment_status":"open","ping_status":"closed","sticky":false,"template":"","format":"standard","meta":{"_acf_changed":false,"footnotes":""},"categories":[54,20,288],"tags":[336,99],"class_list":["post-1516","post","type-post","status-publish","format-standard","has-post-thumbnail","hentry","category-miro-es","category-proceso-de-creacion","category-tierra","tag-color-es","tag-vanguardias"],"acf":[],"yoast_head":"<!-- This site is optimized with the Yoast SEO plugin v26.1 - https:\/\/yoast.com\/wordpress\/plugins\/seo\/ -->\n<title>Mont-roig, la comprensi\u00f3n del paisaje - Blog Fundaci\u00f3 Joan Mir\u00f3<\/title>\n<meta name=\"robots\" content=\"index, follow, max-snippet:-1, max-image-preview:large, max-video-preview:-1\" \/>\n<link rel=\"canonical\" href=\"https:\/\/www.fmirobcn.org\/blog\/es\/2020\/02\/19\/mont-roig-comprension-paisaje\/\" \/>\n<meta property=\"og:locale\" content=\"es_ES\" \/>\n<meta property=\"og:type\" content=\"article\" \/>\n<meta property=\"og:title\" content=\"Mont-roig, la comprensi\u00f3n del paisaje - Blog Fundaci\u00f3 Joan Mir\u00f3\" \/>\n<meta property=\"og:description\" content=\"Barcelona, Par\u00eds y Mont-roig son paisajes ineludibles para penetrar en la obra de Joan Mir\u00f3. En Barcelona, su ciudad natal, el artista entra en contacto con las Galeries Dalmau, centro de difusi\u00f3n de la vanguardia europea, y es en la capital catalana donde se organiza su primera exposici\u00f3n individual, en invierno de 1918. Poco despu\u00e9s, &hellip; Contin\u00faa leyendo Mont-roig, la comprensi\u00f3n del paisaje\" \/>\n<meta property=\"og:url\" content=\"https:\/\/www.fmirobcn.org\/blog\/es\/2020\/02\/19\/mont-roig-comprension-paisaje\/\" \/>\n<meta property=\"og:site_name\" content=\"Blog Fundaci\u00f3 Joan Mir\u00f3\" \/>\n<meta property=\"article:published_time\" content=\"2020-02-19T14:01:52+00:00\" \/>\n<meta property=\"article:modified_time\" content=\"2020-02-24T11:06:57+00:00\" \/>\n<meta property=\"og:image\" content=\"https:\/\/www.fmirobcn.org\/blog\/wp-content\/uploads\/2020\/02\/capc\u0327alera_v2.jpg\" \/>\n\t<meta property=\"og:image:width\" content=\"1773\" \/>\n\t<meta property=\"og:image:height\" content=\"1005\" \/>\n\t<meta property=\"og:image:type\" content=\"image\/jpeg\" \/>\n<meta name=\"author\" content=\"Elena Escolar\" \/>\n<meta name=\"twitter:card\" content=\"summary_large_image\" \/>\n<meta name=\"twitter:label1\" content=\"Written by\" \/>\n\t<meta name=\"twitter:data1\" content=\"Elena Escolar\" \/>\n\t<meta name=\"twitter:label2\" content=\"Est. reading time\" \/>\n\t<meta name=\"twitter:data2\" content=\"5 minutes\" \/>\n<script type=\"application\/ld+json\" class=\"yoast-schema-graph\">{\"@context\":\"https:\/\/schema.org\",\"@graph\":[{\"@type\":\"WebPage\",\"@id\":\"https:\/\/www.fmirobcn.org\/blog\/es\/2020\/02\/19\/mont-roig-comprension-paisaje\/\",\"url\":\"https:\/\/www.fmirobcn.org\/blog\/es\/2020\/02\/19\/mont-roig-comprension-paisaje\/\",\"name\":\"Mont-roig, la comprensi\u00f3n del paisaje - Blog Fundaci\u00f3 Joan Mir\u00f3\",\"isPartOf\":{\"@id\":\"https:\/\/www.fmirobcn.org\/blog\/#website\"},\"primaryImageOfPage\":{\"@id\":\"https:\/\/www.fmirobcn.org\/blog\/es\/2020\/02\/19\/mont-roig-comprension-paisaje\/#primaryimage\"},\"image\":{\"@id\":\"https:\/\/www.fmirobcn.org\/blog\/es\/2020\/02\/19\/mont-roig-comprension-paisaje\/#primaryimage\"},\"thumbnailUrl\":\"https:\/\/www.fmirobcn.org\/blog\/wp-content\/uploads\/2020\/02\/capc\u0327alera_v2.jpg\",\"datePublished\":\"2020-02-19T14:01:52+00:00\",\"dateModified\":\"2020-02-24T11:06:57+00:00\",\"author\":{\"@id\":\"https:\/\/www.fmirobcn.org\/blog\/#\/schema\/person\/05dbfe253ebac460b418e94ec0247067\"},\"breadcrumb\":{\"@id\":\"https:\/\/www.fmirobcn.org\/blog\/es\/2020\/02\/19\/mont-roig-comprension-paisaje\/#breadcrumb\"},\"inLanguage\":\"es-ES\",\"potentialAction\":[{\"@type\":\"ReadAction\",\"target\":[\"https:\/\/www.fmirobcn.org\/blog\/es\/2020\/02\/19\/mont-roig-comprension-paisaje\/\"]}]},{\"@type\":\"ImageObject\",\"inLanguage\":\"es-ES\",\"@id\":\"https:\/\/www.fmirobcn.org\/blog\/es\/2020\/02\/19\/mont-roig-comprension-paisaje\/#primaryimage\",\"url\":\"https:\/\/www.fmirobcn.org\/blog\/wp-content\/uploads\/2020\/02\/capc\u0327alera_v2.jpg\",\"contentUrl\":\"https:\/\/www.fmirobcn.org\/blog\/wp-content\/uploads\/2020\/02\/capc\u0327alera_v2.jpg\",\"width\":1773,\"height\":1005},{\"@type\":\"BreadcrumbList\",\"@id\":\"https:\/\/www.fmirobcn.org\/blog\/es\/2020\/02\/19\/mont-roig-comprension-paisaje\/#breadcrumb\",\"itemListElement\":[{\"@type\":\"ListItem\",\"position\":1,\"name\":\"Inici\",\"item\":\"https:\/\/www.fmirobcn.org\/blog\/\"},{\"@type\":\"ListItem\",\"position\":2,\"name\":\"Mont-roig, la comprensi\u00f3n del paisaje\"}]},{\"@type\":\"WebSite\",\"@id\":\"https:\/\/www.fmirobcn.org\/blog\/#website\",\"url\":\"https:\/\/www.fmirobcn.org\/blog\/\",\"name\":\"Blog Fundaci\u00f3 Joan Mir\u00f3\",\"description\":\"El blog de la Fundaci\u00f3 Joan Mir\u00f3 acoge diversas voces que estiran los hilos tem\u00e1ticos de la actividad de la Fundaci\u00f3, expandiendo los contenidos y generando nuevos puntos de vista sobre la creaci\u00f3n, sobre Mir\u00f3 o sobre los temas relacionados con las exposiciones.\",\"potentialAction\":[{\"@type\":\"SearchAction\",\"target\":{\"@type\":\"EntryPoint\",\"urlTemplate\":\"https:\/\/www.fmirobcn.org\/blog\/?s={search_term_string}\"},\"query-input\":{\"@type\":\"PropertyValueSpecification\",\"valueRequired\":true,\"valueName\":\"search_term_string\"}}],\"inLanguage\":\"es-ES\"},{\"@type\":\"Person\",\"@id\":\"https:\/\/www.fmirobcn.org\/blog\/#\/schema\/person\/05dbfe253ebac460b418e94ec0247067\",\"name\":\"Elena Escolar\",\"url\":\"https:\/\/www.fmirobcn.org\/blog\/es\/author\/elena-escolar\/\"}]}<\/script>\n<!-- \/ Yoast SEO plugin. -->","yoast_head_json":{"title":"Mont-roig, la comprensi\u00f3n del paisaje - Blog Fundaci\u00f3 Joan Mir\u00f3","robots":{"index":"index","follow":"follow","max-snippet":"max-snippet:-1","max-image-preview":"max-image-preview:large","max-video-preview":"max-video-preview:-1"},"canonical":"https:\/\/www.fmirobcn.org\/blog\/es\/2020\/02\/19\/mont-roig-comprension-paisaje\/","og_locale":"es_ES","og_type":"article","og_title":"Mont-roig, la comprensi\u00f3n del paisaje - Blog Fundaci\u00f3 Joan Mir\u00f3","og_description":"Barcelona, Par\u00eds y Mont-roig son paisajes ineludibles para penetrar en la obra de Joan Mir\u00f3. En Barcelona, su ciudad natal, el artista entra en contacto con las Galeries Dalmau, centro de difusi\u00f3n de la vanguardia europea, y es en la capital catalana donde se organiza su primera exposici\u00f3n individual, en invierno de 1918. Poco despu\u00e9s, &hellip; Contin\u00faa leyendo Mont-roig, la comprensi\u00f3n del paisaje","og_url":"https:\/\/www.fmirobcn.org\/blog\/es\/2020\/02\/19\/mont-roig-comprension-paisaje\/","og_site_name":"Blog Fundaci\u00f3 Joan Mir\u00f3","article_published_time":"2020-02-19T14:01:52+00:00","article_modified_time":"2020-02-24T11:06:57+00:00","og_image":[{"width":1773,"height":1005,"url":"https:\/\/www.fmirobcn.org\/blog\/wp-content\/uploads\/2020\/02\/capc\u0327alera_v2.jpg","type":"image\/jpeg"}],"author":"Elena Escolar","twitter_card":"summary_large_image","twitter_misc":{"Written by":"Elena Escolar","Est. reading time":"5 minutes"},"schema":{"@context":"https:\/\/schema.org","@graph":[{"@type":"WebPage","@id":"https:\/\/www.fmirobcn.org\/blog\/es\/2020\/02\/19\/mont-roig-comprension-paisaje\/","url":"https:\/\/www.fmirobcn.org\/blog\/es\/2020\/02\/19\/mont-roig-comprension-paisaje\/","name":"Mont-roig, la comprensi\u00f3n del paisaje - Blog Fundaci\u00f3 Joan Mir\u00f3","isPartOf":{"@id":"https:\/\/www.fmirobcn.org\/blog\/#website"},"primaryImageOfPage":{"@id":"https:\/\/www.fmirobcn.org\/blog\/es\/2020\/02\/19\/mont-roig-comprension-paisaje\/#primaryimage"},"image":{"@id":"https:\/\/www.fmirobcn.org\/blog\/es\/2020\/02\/19\/mont-roig-comprension-paisaje\/#primaryimage"},"thumbnailUrl":"https:\/\/www.fmirobcn.org\/blog\/wp-content\/uploads\/2020\/02\/capc\u0327alera_v2.jpg","datePublished":"2020-02-19T14:01:52+00:00","dateModified":"2020-02-24T11:06:57+00:00","author":{"@id":"https:\/\/www.fmirobcn.org\/blog\/#\/schema\/person\/05dbfe253ebac460b418e94ec0247067"},"breadcrumb":{"@id":"https:\/\/www.fmirobcn.org\/blog\/es\/2020\/02\/19\/mont-roig-comprension-paisaje\/#breadcrumb"},"inLanguage":"es-ES","potentialAction":[{"@type":"ReadAction","target":["https:\/\/www.fmirobcn.org\/blog\/es\/2020\/02\/19\/mont-roig-comprension-paisaje\/"]}]},{"@type":"ImageObject","inLanguage":"es-ES","@id":"https:\/\/www.fmirobcn.org\/blog\/es\/2020\/02\/19\/mont-roig-comprension-paisaje\/#primaryimage","url":"https:\/\/www.fmirobcn.org\/blog\/wp-content\/uploads\/2020\/02\/capc\u0327alera_v2.jpg","contentUrl":"https:\/\/www.fmirobcn.org\/blog\/wp-content\/uploads\/2020\/02\/capc\u0327alera_v2.jpg","width":1773,"height":1005},{"@type":"BreadcrumbList","@id":"https:\/\/www.fmirobcn.org\/blog\/es\/2020\/02\/19\/mont-roig-comprension-paisaje\/#breadcrumb","itemListElement":[{"@type":"ListItem","position":1,"name":"Inici","item":"https:\/\/www.fmirobcn.org\/blog\/"},{"@type":"ListItem","position":2,"name":"Mont-roig, la comprensi\u00f3n del paisaje"}]},{"@type":"WebSite","@id":"https:\/\/www.fmirobcn.org\/blog\/#website","url":"https:\/\/www.fmirobcn.org\/blog\/","name":"Blog Fundaci\u00f3 Joan Mir\u00f3","description":"El blog de la Fundaci\u00f3 Joan Mir\u00f3 acoge diversas voces que estiran los hilos tem\u00e1ticos de la actividad de la Fundaci\u00f3, expandiendo los contenidos y generando nuevos puntos de vista sobre la creaci\u00f3n, sobre Mir\u00f3 o sobre los temas relacionados con las exposiciones.","potentialAction":[{"@type":"SearchAction","target":{"@type":"EntryPoint","urlTemplate":"https:\/\/www.fmirobcn.org\/blog\/?s={search_term_string}"},"query-input":{"@type":"PropertyValueSpecification","valueRequired":true,"valueName":"search_term_string"}}],"inLanguage":"es-ES"},{"@type":"Person","@id":"https:\/\/www.fmirobcn.org\/blog\/#\/schema\/person\/05dbfe253ebac460b418e94ec0247067","name":"Elena Escolar","url":"https:\/\/www.fmirobcn.org\/blog\/es\/author\/elena-escolar\/"}]}},"_links":{"self":[{"href":"https:\/\/www.fmirobcn.org\/blog\/es\/wp-json\/wp\/v2\/posts\/1516","targetHints":{"allow":["GET"]}}],"collection":[{"href":"https:\/\/www.fmirobcn.org\/blog\/es\/wp-json\/wp\/v2\/posts"}],"about":[{"href":"https:\/\/www.fmirobcn.org\/blog\/es\/wp-json\/wp\/v2\/types\/post"}],"author":[{"embeddable":true,"href":"https:\/\/www.fmirobcn.org\/blog\/es\/wp-json\/wp\/v2\/users\/49"}],"replies":[{"embeddable":true,"href":"https:\/\/www.fmirobcn.org\/blog\/es\/wp-json\/wp\/v2\/comments?post=1516"}],"version-history":[{"count":19,"href":"https:\/\/www.fmirobcn.org\/blog\/es\/wp-json\/wp\/v2\/posts\/1516\/revisions"}],"predecessor-version":[{"id":1564,"href":"https:\/\/www.fmirobcn.org\/blog\/es\/wp-json\/wp\/v2\/posts\/1516\/revisions\/1564"}],"wp:featuredmedia":[{"embeddable":true,"href":"https:\/\/www.fmirobcn.org\/blog\/es\/wp-json\/wp\/v2\/media\/1531"}],"wp:attachment":[{"href":"https:\/\/www.fmirobcn.org\/blog\/es\/wp-json\/wp\/v2\/media?parent=1516"}],"wp:term":[{"taxonomy":"category","embeddable":true,"href":"https:\/\/www.fmirobcn.org\/blog\/es\/wp-json\/wp\/v2\/categories?post=1516"},{"taxonomy":"post_tag","embeddable":true,"href":"https:\/\/www.fmirobcn.org\/blog\/es\/wp-json\/wp\/v2\/tags?post=1516"}],"curies":[{"name":"wp","href":"https:\/\/api.w.org\/{rel}","templated":true}]}}