{"id":1575,"date":"2020-03-26T21:32:16","date_gmt":"2020-03-26T20:32:16","guid":{"rendered":"https:\/\/www.fmirobcn.org\/blog\/?p=1575"},"modified":"2020-03-27T13:27:03","modified_gmt":"2020-03-27T12:27:03","slug":"arte-para-todos","status":"publish","type":"post","link":"https:\/\/www.fmirobcn.org\/blog\/es\/2020\/03\/26\/arte-para-todos\/","title":{"rendered":"Arte para todos"},"content":{"rendered":"<p>El d\u00eda 7 de febrero inauguramos <em>ssssonoridadessss<\/em>. Por fin ha llegado el d\u00eda. Todas las emociones acumuladas en las \u00faltimas semanas se concentran en cada uno de nosotros desde primera hora de la ma\u00f1ana.<\/p>\n<p>El camino hasta llegar a la Mir\u00f3 est\u00e1 lleno de miradas inquietas, ilusionadas, y de algunas bromas que destensan cierta agitaci\u00f3n que nos vamos contagiando. Cuando llegamos a la recepci\u00f3n pregunto al grupo: \u00ab\u00bfEst\u00e1is nerviosos?\u00bb, y David contesta: \u00abEstamos felices\u00bb.<\/p>\n<p>Esta respuesta nos eriza la piel. El arte nos conecta con la alegr\u00eda de vivir, nos emociona, despierta y evidencia las capacidades y habilidades de las personas, de todas las personas, tambi\u00e9n las nuestras.<\/p>\n<figure id=\"attachment_1569\" aria-describedby=\"caption-attachment-1569\" style=\"width: 683px\" class=\"wp-caption alignleft\"><img loading=\"lazy\" decoding=\"async\" class=\"wp-image-1569 size-large\" src=\"https:\/\/www.fmirobcn.org\/blog\/wp-content\/uploads\/2020\/03\/Ssssonoritatssss_96-683x455.jpg\" alt=\"\" width=\"683\" height=\"455\" srcset=\"https:\/\/www.fmirobcn.org\/blog\/wp-content\/uploads\/2020\/03\/Ssssonoritatssss_96-683x455.jpg 683w, https:\/\/www.fmirobcn.org\/blog\/wp-content\/uploads\/2020\/03\/Ssssonoritatssss_96-300x200.jpg 300w, https:\/\/www.fmirobcn.org\/blog\/wp-content\/uploads\/2020\/03\/Ssssonoritatssss_96-768x512.jpg 768w, https:\/\/www.fmirobcn.org\/blog\/wp-content\/uploads\/2020\/03\/Ssssonoritatssss_96-533x355.jpg 533w, https:\/\/www.fmirobcn.org\/blog\/wp-content\/uploads\/2020\/03\/Ssssonoritatssss_96.jpg 1200w\" sizes=\"auto, (max-width: 683px) 100vw, 683px\" \/><figcaption id=\"caption-attachment-1569\" class=\"wp-caption-text\">Performance y presentaci\u00f3n de Sssonoritatsss. Fundaci\u00f3 Joan Mir\u00f3. Barcelona, 7 de febrero de 2020. Foto: Oriol Clavera.<\/figcaption><\/figure>\n<p>En el transcurso de los seis meses que ha durado el proyecto hemos podido sentir como aquello que empez\u00f3 como la colaboraci\u00f3n de un grupo de personas con discapacidad con una artista contempor\u00e1nea \u2014Laura Llaneli\u2014 se transformaba en un proceso creativo en el que todos aprend\u00edamos, nos nutr\u00edamos y cre\u00e1bamos desde un compartir experiencias, todas v\u00e1lidas, todas ricas y todas susceptibles de ser incluidas.<\/p>\n<p>Y aqu\u00ed nos topamos con la palabra <em>inclusi\u00f3n<\/em>. \u00a1Cu\u00e1ntas veces o\u00edmos este t\u00e9rmino tan indiscutible pese a la dificultad evidente de trasladarlo de la teor\u00eda a la realidad! Si tenemos presente que el arte, la cultura y la ense\u00f1anza ponen los cimientos sobre los que pueden experimentar un importante desarrollo valores como la igualdad, la justicia, la tolerancia,\u00a0 la libertad y la inclusi\u00f3n, hay que potenciar proyectos que acerquen estos pilares a todos los miembros de una comunidad. Solo as\u00ed nos fortaleceremos como sociedad, porque la cultura, sin lugar a dudas, contribuye al bienestar, a la cohesi\u00f3n social y al sentimiento de pertenencia cuando toma en consideraci\u00f3n a todos sus miembros.<\/p>\n<p><em>Ssssonoridadessss<\/em> ya no es tan solo un proyecto de arte contempor\u00e1neo sonoro, es un modelo de este fortalecimiento, porque ha sido un espacio aut\u00e9ntico de inclusi\u00f3n real donde han confluido todas estas ideas.<\/p>\n<figure id=\"attachment_1570\" aria-describedby=\"caption-attachment-1570\" style=\"width: 683px\" class=\"wp-caption alignleft\"><img loading=\"lazy\" decoding=\"async\" class=\"wp-image-1570 size-large\" src=\"https:\/\/www.fmirobcn.org\/blog\/wp-content\/uploads\/2020\/03\/Ssssonoritatssss_91-683x455.jpg\" alt=\"\" width=\"683\" height=\"455\" srcset=\"https:\/\/www.fmirobcn.org\/blog\/wp-content\/uploads\/2020\/03\/Ssssonoritatssss_91-683x455.jpg 683w, https:\/\/www.fmirobcn.org\/blog\/wp-content\/uploads\/2020\/03\/Ssssonoritatssss_91-300x200.jpg 300w, https:\/\/www.fmirobcn.org\/blog\/wp-content\/uploads\/2020\/03\/Ssssonoritatssss_91-768x512.jpg 768w, https:\/\/www.fmirobcn.org\/blog\/wp-content\/uploads\/2020\/03\/Ssssonoritatssss_91-533x355.jpg 533w, https:\/\/www.fmirobcn.org\/blog\/wp-content\/uploads\/2020\/03\/Ssssonoritatssss_91.jpg 1200w\" sizes=\"auto, (max-width: 683px) 100vw, 683px\" \/><figcaption id=\"caption-attachment-1570\" class=\"wp-caption-text\">Performance y presentaci\u00f3n de Sssonoritatsss. Fundaci\u00f3 Joan Mir\u00f3. Barcelona, 7 de febrero de 2020. Foto: Oriol Clavera.<\/figcaption><\/figure>\n<p>Un proyecto en el que el arte se ha puesto a disposici\u00f3n de un p\u00fablico real y diverso, en el que no solo hemos participado como consumidores, sino como creadores, teniendo la oportunidad de explorar, expresar y exhibir en un contexto profesionalizado de primer nivel las aportaciones y creaciones propias. Y esto nos ha hecho sentir valiosos, reconocidos y vistos.<\/p>\n<p><em>Ssssonoridadessss<\/em> se ha convertido, incluso, en una palabra que algunos de los participantes utilizan como indicativo de pertenencia, de complicidad, de sentirse poseedor de una identidad propia y competente cuando uno pasea por los pasillos del centro.<\/p>\n<figure id=\"attachment_1584\" aria-describedby=\"caption-attachment-1584\" style=\"width: 800px\" class=\"wp-caption alignnone\"><img loading=\"lazy\" decoding=\"async\" class=\"wp-image-1584 size-full\" src=\"https:\/\/www.fmirobcn.org\/blog\/wp-content\/uploads\/2020\/03\/emoticones.png\" alt=\"\" width=\"800\" height=\"455\" srcset=\"https:\/\/www.fmirobcn.org\/blog\/wp-content\/uploads\/2020\/03\/emoticones.png 800w, https:\/\/www.fmirobcn.org\/blog\/wp-content\/uploads\/2020\/03\/emoticones-300x171.png 300w, https:\/\/www.fmirobcn.org\/blog\/wp-content\/uploads\/2020\/03\/emoticones-768x437.png 768w, https:\/\/www.fmirobcn.org\/blog\/wp-content\/uploads\/2020\/03\/emoticones-400x228.png 400w, https:\/\/www.fmirobcn.org\/blog\/wp-content\/uploads\/2020\/03\/emoticones-533x303.png 533w, https:\/\/www.fmirobcn.org\/blog\/wp-content\/uploads\/2020\/03\/emoticones-600x341.png 600w\" sizes=\"auto, (max-width: 800px) 100vw, 800px\" \/><figcaption id=\"caption-attachment-1584\" class=\"wp-caption-text\">Pictogramas cedidos por Arasaac.<\/figcaption><\/figure>\n<p>El arte es esencial para la expresi\u00f3n humana, y todas las personas tenemos derecho a utilizar los propios y diversos recursos de comunicaci\u00f3n para desarrollarnos en el \u00e1mbito creativo teniendo acceso a medios que potencien las capacidades. Es necesario que generar propuestas y proyectos de accesibilidad no solo f\u00edsica \u2014haciendo que cualquier persona pueda acceder a cualquier recurso cultural\u2014, sino de accesibilidad global, para la persona en toda su diversidad y complejidad.<\/p>\n","protected":false},"excerpt":{"rendered":"<p>El d\u00eda 7 de febrero inauguramos ssssonoridadessss. Por fin ha llegado el d\u00eda. Todas las emociones acumuladas en las \u00faltimas semanas se concentran en cada uno de nosotros desde primera hora de la ma\u00f1ana. El camino hasta llegar a la Mir\u00f3 est\u00e1 lleno de miradas inquietas, ilusionadas, y de algunas bromas que destensan cierta agitaci\u00f3n &hellip; <a href=\"https:\/\/www.fmirobcn.org\/blog\/es\/2020\/03\/26\/arte-para-todos\/\" class=\"more-link\">Contin\u00faa leyendo <span class=\"screen-reader-text\">Arte para todos<\/span><\/a><\/p>\n","protected":false},"author":50,"featured_media":1588,"comment_status":"closed","ping_status":"closed","sticky":false,"template":"","format":"standard","meta":{"_acf_changed":false,"footnotes":""},"categories":[97,269,20,117],"tags":[378,380,397,381,379,194,395],"class_list":["post-1575","post","type-post","status-publish","format-standard","has-post-thumbnail","hentry","category-exposiciones","category-musica-es","category-proceso-de-creacion","category-proyecto-en-colaboracion","tag-accesibilidad","tag-arteparatodos","tag-artforchange-es","tag-educacion","tag-inclusion","tag-museos","tag-soundartfjm-es"],"acf":[],"yoast_head":"<!-- This site is optimized with the Yoast SEO plugin v26.1 - https:\/\/yoast.com\/wordpress\/plugins\/seo\/ -->\n<title>Arte para todos - Blog Fundaci\u00f3 Joan Mir\u00f3<\/title>\n<meta name=\"robots\" content=\"index, follow, max-snippet:-1, max-image-preview:large, max-video-preview:-1\" \/>\n<link rel=\"canonical\" href=\"https:\/\/www.fmirobcn.org\/blog\/es\/2020\/03\/26\/arte-para-todos\/\" \/>\n<meta property=\"og:locale\" content=\"es_ES\" \/>\n<meta property=\"og:type\" content=\"article\" \/>\n<meta property=\"og:title\" content=\"Arte para todos - Blog Fundaci\u00f3 Joan Mir\u00f3\" \/>\n<meta property=\"og:description\" content=\"El d\u00eda 7 de febrero inauguramos ssssonoridadessss. Por fin ha llegado el d\u00eda. Todas las emociones acumuladas en las \u00faltimas semanas se concentran en cada uno de nosotros desde primera hora de la ma\u00f1ana. El camino hasta llegar a la Mir\u00f3 est\u00e1 lleno de miradas inquietas, ilusionadas, y de algunas bromas que destensan cierta agitaci\u00f3n &hellip; Contin\u00faa leyendo Arte para todos\" \/>\n<meta property=\"og:url\" content=\"https:\/\/www.fmirobcn.org\/blog\/es\/2020\/03\/26\/arte-para-todos\/\" \/>\n<meta property=\"og:site_name\" content=\"Blog Fundaci\u00f3 Joan Mir\u00f3\" \/>\n<meta property=\"article:published_time\" content=\"2020-03-26T20:32:16+00:00\" \/>\n<meta property=\"article:modified_time\" content=\"2020-03-27T12:27:03+00:00\" \/>\n<meta property=\"og:image\" content=\"https:\/\/www.fmirobcn.org\/blog\/wp-content\/uploads\/2020\/03\/capc\u0327alera-1-800x453.png\" \/>\n\t<meta property=\"og:image:width\" content=\"800\" \/>\n\t<meta property=\"og:image:height\" content=\"453\" \/>\n\t<meta property=\"og:image:type\" content=\"image\/png\" \/>\n<meta name=\"author\" content=\"N\u00faria Plas\u00e8ncia\" \/>\n<meta name=\"twitter:card\" content=\"summary_large_image\" \/>\n<meta name=\"twitter:label1\" content=\"Written by\" \/>\n\t<meta name=\"twitter:data1\" content=\"N\u00faria Plas\u00e8ncia\" \/>\n\t<meta name=\"twitter:label2\" content=\"Est. reading time\" \/>\n\t<meta name=\"twitter:data2\" content=\"3 minutes\" \/>\n<script type=\"application\/ld+json\" class=\"yoast-schema-graph\">{\"@context\":\"https:\/\/schema.org\",\"@graph\":[{\"@type\":\"WebPage\",\"@id\":\"https:\/\/www.fmirobcn.org\/blog\/es\/2020\/03\/26\/arte-para-todos\/\",\"url\":\"https:\/\/www.fmirobcn.org\/blog\/es\/2020\/03\/26\/arte-para-todos\/\",\"name\":\"Arte para todos - Blog Fundaci\u00f3 Joan Mir\u00f3\",\"isPartOf\":{\"@id\":\"https:\/\/www.fmirobcn.org\/blog\/#website\"},\"primaryImageOfPage\":{\"@id\":\"https:\/\/www.fmirobcn.org\/blog\/es\/2020\/03\/26\/arte-para-todos\/#primaryimage\"},\"image\":{\"@id\":\"https:\/\/www.fmirobcn.org\/blog\/es\/2020\/03\/26\/arte-para-todos\/#primaryimage\"},\"thumbnailUrl\":\"https:\/\/www.fmirobcn.org\/blog\/wp-content\/uploads\/2020\/03\/capc\u0327alera-1.png\",\"datePublished\":\"2020-03-26T20:32:16+00:00\",\"dateModified\":\"2020-03-27T12:27:03+00:00\",\"author\":{\"@id\":\"https:\/\/www.fmirobcn.org\/blog\/#\/schema\/person\/68d0b3c9f50d1f64a6559914012a874d\"},\"breadcrumb\":{\"@id\":\"https:\/\/www.fmirobcn.org\/blog\/es\/2020\/03\/26\/arte-para-todos\/#breadcrumb\"},\"inLanguage\":\"es-ES\",\"potentialAction\":[{\"@type\":\"ReadAction\",\"target\":[\"https:\/\/www.fmirobcn.org\/blog\/es\/2020\/03\/26\/arte-para-todos\/\"]}]},{\"@type\":\"ImageObject\",\"inLanguage\":\"es-ES\",\"@id\":\"https:\/\/www.fmirobcn.org\/blog\/es\/2020\/03\/26\/arte-para-todos\/#primaryimage\",\"url\":\"https:\/\/www.fmirobcn.org\/blog\/wp-content\/uploads\/2020\/03\/capc\u0327alera-1.png\",\"contentUrl\":\"https:\/\/www.fmirobcn.org\/blog\/wp-content\/uploads\/2020\/03\/capc\u0327alera-1.png\",\"width\":1773,\"height\":1005},{\"@type\":\"BreadcrumbList\",\"@id\":\"https:\/\/www.fmirobcn.org\/blog\/es\/2020\/03\/26\/arte-para-todos\/#breadcrumb\",\"itemListElement\":[{\"@type\":\"ListItem\",\"position\":1,\"name\":\"Inici\",\"item\":\"https:\/\/www.fmirobcn.org\/blog\/\"},{\"@type\":\"ListItem\",\"position\":2,\"name\":\"Arte para todos\"}]},{\"@type\":\"WebSite\",\"@id\":\"https:\/\/www.fmirobcn.org\/blog\/#website\",\"url\":\"https:\/\/www.fmirobcn.org\/blog\/\",\"name\":\"Blog Fundaci\u00f3 Joan Mir\u00f3\",\"description\":\"El blog de la Fundaci\u00f3 Joan Mir\u00f3 acoge diversas voces que estiran los hilos tem\u00e1ticos de la actividad de la Fundaci\u00f3, expandiendo los contenidos y generando nuevos puntos de vista sobre la creaci\u00f3n, sobre Mir\u00f3 o sobre los temas relacionados con las exposiciones.\",\"potentialAction\":[{\"@type\":\"SearchAction\",\"target\":{\"@type\":\"EntryPoint\",\"urlTemplate\":\"https:\/\/www.fmirobcn.org\/blog\/?s={search_term_string}\"},\"query-input\":{\"@type\":\"PropertyValueSpecification\",\"valueRequired\":true,\"valueName\":\"search_term_string\"}}],\"inLanguage\":\"es-ES\"},{\"@type\":\"Person\",\"@id\":\"https:\/\/www.fmirobcn.org\/blog\/#\/schema\/person\/68d0b3c9f50d1f64a6559914012a874d\",\"name\":\"N\u00faria Plas\u00e8ncia\",\"url\":\"https:\/\/www.fmirobcn.org\/blog\/es\/author\/nuriaplasencia\/\"}]}<\/script>\n<!-- \/ Yoast SEO plugin. -->","yoast_head_json":{"title":"Arte para todos - Blog Fundaci\u00f3 Joan Mir\u00f3","robots":{"index":"index","follow":"follow","max-snippet":"max-snippet:-1","max-image-preview":"max-image-preview:large","max-video-preview":"max-video-preview:-1"},"canonical":"https:\/\/www.fmirobcn.org\/blog\/es\/2020\/03\/26\/arte-para-todos\/","og_locale":"es_ES","og_type":"article","og_title":"Arte para todos - Blog Fundaci\u00f3 Joan Mir\u00f3","og_description":"El d\u00eda 7 de febrero inauguramos ssssonoridadessss. Por fin ha llegado el d\u00eda. Todas las emociones acumuladas en las \u00faltimas semanas se concentran en cada uno de nosotros desde primera hora de la ma\u00f1ana. El camino hasta llegar a la Mir\u00f3 est\u00e1 lleno de miradas inquietas, ilusionadas, y de algunas bromas que destensan cierta agitaci\u00f3n &hellip; Contin\u00faa leyendo Arte para todos","og_url":"https:\/\/www.fmirobcn.org\/blog\/es\/2020\/03\/26\/arte-para-todos\/","og_site_name":"Blog Fundaci\u00f3 Joan Mir\u00f3","article_published_time":"2020-03-26T20:32:16+00:00","article_modified_time":"2020-03-27T12:27:03+00:00","og_image":[{"width":800,"height":453,"url":"https:\/\/www.fmirobcn.org\/blog\/wp-content\/uploads\/2020\/03\/capc\u0327alera-1-800x453.png","type":"image\/png"}],"author":"N\u00faria Plas\u00e8ncia","twitter_card":"summary_large_image","twitter_misc":{"Written by":"N\u00faria Plas\u00e8ncia","Est. reading time":"3 minutes"},"schema":{"@context":"https:\/\/schema.org","@graph":[{"@type":"WebPage","@id":"https:\/\/www.fmirobcn.org\/blog\/es\/2020\/03\/26\/arte-para-todos\/","url":"https:\/\/www.fmirobcn.org\/blog\/es\/2020\/03\/26\/arte-para-todos\/","name":"Arte para todos - Blog Fundaci\u00f3 Joan Mir\u00f3","isPartOf":{"@id":"https:\/\/www.fmirobcn.org\/blog\/#website"},"primaryImageOfPage":{"@id":"https:\/\/www.fmirobcn.org\/blog\/es\/2020\/03\/26\/arte-para-todos\/#primaryimage"},"image":{"@id":"https:\/\/www.fmirobcn.org\/blog\/es\/2020\/03\/26\/arte-para-todos\/#primaryimage"},"thumbnailUrl":"https:\/\/www.fmirobcn.org\/blog\/wp-content\/uploads\/2020\/03\/capc\u0327alera-1.png","datePublished":"2020-03-26T20:32:16+00:00","dateModified":"2020-03-27T12:27:03+00:00","author":{"@id":"https:\/\/www.fmirobcn.org\/blog\/#\/schema\/person\/68d0b3c9f50d1f64a6559914012a874d"},"breadcrumb":{"@id":"https:\/\/www.fmirobcn.org\/blog\/es\/2020\/03\/26\/arte-para-todos\/#breadcrumb"},"inLanguage":"es-ES","potentialAction":[{"@type":"ReadAction","target":["https:\/\/www.fmirobcn.org\/blog\/es\/2020\/03\/26\/arte-para-todos\/"]}]},{"@type":"ImageObject","inLanguage":"es-ES","@id":"https:\/\/www.fmirobcn.org\/blog\/es\/2020\/03\/26\/arte-para-todos\/#primaryimage","url":"https:\/\/www.fmirobcn.org\/blog\/wp-content\/uploads\/2020\/03\/capc\u0327alera-1.png","contentUrl":"https:\/\/www.fmirobcn.org\/blog\/wp-content\/uploads\/2020\/03\/capc\u0327alera-1.png","width":1773,"height":1005},{"@type":"BreadcrumbList","@id":"https:\/\/www.fmirobcn.org\/blog\/es\/2020\/03\/26\/arte-para-todos\/#breadcrumb","itemListElement":[{"@type":"ListItem","position":1,"name":"Inici","item":"https:\/\/www.fmirobcn.org\/blog\/"},{"@type":"ListItem","position":2,"name":"Arte para todos"}]},{"@type":"WebSite","@id":"https:\/\/www.fmirobcn.org\/blog\/#website","url":"https:\/\/www.fmirobcn.org\/blog\/","name":"Blog Fundaci\u00f3 Joan Mir\u00f3","description":"El blog de la Fundaci\u00f3 Joan Mir\u00f3 acoge diversas voces que estiran los hilos tem\u00e1ticos de la actividad de la Fundaci\u00f3, expandiendo los contenidos y generando nuevos puntos de vista sobre la creaci\u00f3n, sobre Mir\u00f3 o sobre los temas relacionados con las exposiciones.","potentialAction":[{"@type":"SearchAction","target":{"@type":"EntryPoint","urlTemplate":"https:\/\/www.fmirobcn.org\/blog\/?s={search_term_string}"},"query-input":{"@type":"PropertyValueSpecification","valueRequired":true,"valueName":"search_term_string"}}],"inLanguage":"es-ES"},{"@type":"Person","@id":"https:\/\/www.fmirobcn.org\/blog\/#\/schema\/person\/68d0b3c9f50d1f64a6559914012a874d","name":"N\u00faria Plas\u00e8ncia","url":"https:\/\/www.fmirobcn.org\/blog\/es\/author\/nuriaplasencia\/"}]}},"_links":{"self":[{"href":"https:\/\/www.fmirobcn.org\/blog\/es\/wp-json\/wp\/v2\/posts\/1575","targetHints":{"allow":["GET"]}}],"collection":[{"href":"https:\/\/www.fmirobcn.org\/blog\/es\/wp-json\/wp\/v2\/posts"}],"about":[{"href":"https:\/\/www.fmirobcn.org\/blog\/es\/wp-json\/wp\/v2\/types\/post"}],"author":[{"embeddable":true,"href":"https:\/\/www.fmirobcn.org\/blog\/es\/wp-json\/wp\/v2\/users\/50"}],"replies":[{"embeddable":true,"href":"https:\/\/www.fmirobcn.org\/blog\/es\/wp-json\/wp\/v2\/comments?post=1575"}],"version-history":[{"count":6,"href":"https:\/\/www.fmirobcn.org\/blog\/es\/wp-json\/wp\/v2\/posts\/1575\/revisions"}],"predecessor-version":[{"id":1590,"href":"https:\/\/www.fmirobcn.org\/blog\/es\/wp-json\/wp\/v2\/posts\/1575\/revisions\/1590"}],"wp:featuredmedia":[{"embeddable":true,"href":"https:\/\/www.fmirobcn.org\/blog\/es\/wp-json\/wp\/v2\/media\/1588"}],"wp:attachment":[{"href":"https:\/\/www.fmirobcn.org\/blog\/es\/wp-json\/wp\/v2\/media?parent=1575"}],"wp:term":[{"taxonomy":"category","embeddable":true,"href":"https:\/\/www.fmirobcn.org\/blog\/es\/wp-json\/wp\/v2\/categories?post=1575"},{"taxonomy":"post_tag","embeddable":true,"href":"https:\/\/www.fmirobcn.org\/blog\/es\/wp-json\/wp\/v2\/tags?post=1575"}],"curies":[{"name":"wp","href":"https:\/\/api.w.org\/{rel}","templated":true}]}}