{"id":2153,"date":"2022-04-19T12:28:43","date_gmt":"2022-04-19T11:28:43","guid":{"rendered":"https:\/\/www.fmirobcn.org\/blog\/2022\/04\/19\/correspondencies-culturals\/"},"modified":"2022-04-19T12:47:41","modified_gmt":"2022-04-19T11:47:41","slug":"correspondencies-culturals","status":"publish","type":"post","link":"https:\/\/www.fmirobcn.org\/blog\/es\/2022\/04\/19\/correspondencies-culturals\/","title":{"rendered":"Correspondencias culturales"},"content":{"rendered":"<h4><strong> El arte en el libro<\/strong><\/h4>\n<ol>\n<li style=\"list-style-type: none;\">Como nos recuerdan Ingo F. Walther y Norbert Wolf, los manuscritos iluminados medievales, con su riqueza crom\u00e1tica y su precisi\u00f3n de detalles, con lo que podr\u00edamos denominar su gran majestuosidad y nobleza, suscitan una fascinaci\u00f3n creciente en el observador actual. En los \u00faltimos quince a\u00f1os, importantes exposiciones de estas piezas celebradas en ciudades como Nueva York, Londres, Viena, Mil\u00e1n o Heidelberg han atra\u00eddo a cientos de miles de visitantes.<\/li>\n<\/ol>\n<p><img loading=\"lazy\" decoding=\"async\" class=\"alignnone size-large wp-image-2148\" src=\"https:\/\/www.fmirobcn.org\/blog\/wp-content\/uploads\/2022\/04\/111-728x455.png\" alt=\"\" width=\"728\" height=\"455\" srcset=\"https:\/\/www.fmirobcn.org\/blog\/wp-content\/uploads\/2022\/04\/111-728x455.png 728w, https:\/\/www.fmirobcn.org\/blog\/wp-content\/uploads\/2022\/04\/111-300x188.png 300w, https:\/\/www.fmirobcn.org\/blog\/wp-content\/uploads\/2022\/04\/111-768x480.png 768w, https:\/\/www.fmirobcn.org\/blog\/wp-content\/uploads\/2022\/04\/111-533x333.png 533w, https:\/\/www.fmirobcn.org\/blog\/wp-content\/uploads\/2022\/04\/111.png 800w\" sizes=\"auto, (max-width: 728px) 100vw, 728px\" \/><\/p>\n<p class=\"peu-foto\"><em>Codex Aureus<\/em> de Lorsch. CristianChirita, Wikimedia Commons.<\/p>\n<p>Sus propios t\u00edtulos ya resultan tremendamente evocadores: los <em>Evangelios de la coronaci\u00f3n<\/em> de Aquisgr\u00e1n, el <em>Salterio<\/em> de Utrecht, el <em>Codex Aureus<\/em>, el<em> Sacramentario de Berthold<\/em>, el <em>Libro de Cetrer\u00eda <\/em>de Federico II y<em> Las muy ricas horas del Duque de Berry<\/em> son algunos de los m\u00e1s destacados. La editorial Taschen les ha consagrado recientemente un completo y recomendable volumen: <em>Codices ilustres. Los manuscritos iluminados m\u00e1s bellos del mundo. Desde 400 a 1600<\/em>, a cargo de los citados Walther y Wolf, en el que podemos contemplar con gran detalle el virtuosismo de los miniaturistas e iluminadores en la creaci\u00f3n de escenas sagradas, pero tambi\u00e9n de corte o de vida cotidiana, que reflejan y apoyan lo que los textos cuentan. De todas estas obras arranca el concepto de libro ilustrado, que se mantendr\u00e1, con muchos matices diferentes, hasta nuestros d\u00edas.<\/p>\n<p><a href=\"http:\/\/museunacional.cat\/ca\/santiago-rusinol-novella-romantica\"><img loading=\"lazy\" decoding=\"async\" class=\"alignnone size-large wp-image-2143\" src=\"https:\/\/www.fmirobcn.org\/blog\/wp-content\/uploads\/2022\/04\/010898-000-735x455.jpg\" alt=\"\" width=\"735\" height=\"455\" srcset=\"https:\/\/www.fmirobcn.org\/blog\/wp-content\/uploads\/2022\/04\/010898-000-735x455.jpg 735w, https:\/\/www.fmirobcn.org\/blog\/wp-content\/uploads\/2022\/04\/010898-000-300x186.jpg 300w, https:\/\/www.fmirobcn.org\/blog\/wp-content\/uploads\/2022\/04\/010898-000-768x475.jpg 768w, https:\/\/www.fmirobcn.org\/blog\/wp-content\/uploads\/2022\/04\/010898-000-533x330.jpg 533w\" sizes=\"auto, (max-width: 735px) 100vw, 735px\" \/><\/a><\/p>\n<p class=\"peu-foto\"><em>\u00a0\u00a0Novela rom\u00e1ntica, Santiago Rusi\u00f1ol, 1894. <a href=\"https:\/\/www.museunacional.cat\/es\/santiago-rusinol-novela-romantica\">Museu Nacional d\u2019Art de Catalunya<\/a>. <\/em><\/p>\n<h4><strong>El libro en el arte<\/strong><\/h4>\n<ol>\n<li style=\"list-style-type: none;\">Tambi\u00e9n desde fechas muy tempranas el arte recrea la imagen del objeto libro. La antig\u00fcedad hel\u00e9nico-romana ya proporciona im\u00e1genes de personas leyendo. Pero es sobre todo tambi\u00e9n en la Edad Media cuando los libros pasan a ocupan un lugar de honor en la iconograf\u00eda. La se\u00f1alizaci\u00f3n de los fondos del Museu Nacional d\u2019Art de Catalunya que ha realizado Narc\u00eds Comadira bajo el t\u00edtulo de <em>La paraula figurada<\/em> y el cat\u00e1logo que recoge su selecci\u00f3n plasma perfectamente este fen\u00f3meno. Jesucristo en majestad enarbolando el Libro de la Vida en el \u00e1bside de la Seu d\u2019Urgell como s\u00edmbolo de lo sagrado; San Mateo escribiendo, en el \u00e1bside de Pedret; San Jer\u00f3nimo entre libros y objetos de escritura, pintado por Jaume Ferrer&#8230; Y tambi\u00e9n el notario lector de Quentin de la Tour, el lector dormil\u00f3n de Ramon Mart\u00ed Alsina, el retrato del cr\u00edtico Casellas trabajando en su escritorio a cargo de Llu\u00eds Graner o la joven burguesa que lee una novela rom\u00e1ntica junto a la chimenea plasmada por Santiago Rusi\u00f1ol. La del libro, pues, es una imagen recurrente en arte occidental, que la va cargando de sentidos diferentes a lo largo de los tiempos: sentido sagrado, sentido de individualidad, de estatus social, de intereses de g\u00e9nero, etc\u00e9tera.<br \/>\n<img loading=\"lazy\" decoding=\"async\" class=\"alignnone size-large wp-image-2149\" src=\"https:\/\/www.fmirobcn.org\/blog\/wp-content\/uploads\/2022\/04\/222-728x455.png\" alt=\"\" width=\"728\" height=\"455\" srcset=\"https:\/\/www.fmirobcn.org\/blog\/wp-content\/uploads\/2022\/04\/222-728x455.png 728w, https:\/\/www.fmirobcn.org\/blog\/wp-content\/uploads\/2022\/04\/222-300x188.png 300w, https:\/\/www.fmirobcn.org\/blog\/wp-content\/uploads\/2022\/04\/222-768x480.png 768w, https:\/\/www.fmirobcn.org\/blog\/wp-content\/uploads\/2022\/04\/222-533x333.png 533w, https:\/\/www.fmirobcn.org\/blog\/wp-content\/uploads\/2022\/04\/222.png 800w\" sizes=\"auto, (max-width: 728px) 100vw, 728px\" \/><\/li>\n<\/ol>\n<p class=\"peu-foto\">Maqueta de <em>Parler seul<\/em>, obra de poemas de Tristan Tzara ilustrados por Joan Mir\u00f3. 1948-1950.<\/p>\n<h4><strong> Mir\u00f3, los libros y el arte<\/strong><\/h4>\n<p>Desde principios del siglo XX, la eclosi\u00f3n de las vanguardias genera un fen\u00f3meno nuevo hasta entonces: escritores y artistas pl\u00e1sticos conviven en calidad de iguales en grupos que comparten una serie de conceptos culturales, y de esta colaboraci\u00f3n surgen unos libros de artista que van mucho m\u00e1s all\u00e1 del concepto tradicional de libro ilustrado. Los responsables de la exposici\u00f3n <em>Joan Mir\u00f3: arquitectura de un libro<\/em> nos recuerdan que Mir\u00f3 ilustr\u00f3 poemas, entre otros, de Tristan Tzara, Paul Eluard, Joan Brossa y Rafael Alberti, pero sobre todo nos recuerdan que el artista \u201cconceb\u00eda pintura y pose\u00eda como un conjunto indisoluble, y trat\u00f3 de materializar esta aspiraci\u00f3n a trav\u00e9s de la bibliofilia\u201d. A trav\u00e9s de dibujos, maquetas, planchas, de los propios libros; de la correspondencia de Mir\u00f3 con escritores y con editores, de su trabajo tambi\u00e9n con obras cl\u00e1sicas, podemos percibir este esp\u00edritu de renovaci\u00f3n con que el artista catal\u00e1n, junto con algunos de sus contempor\u00e1neos (entre los que destaca muy especialmente Picasso), renovar\u00edan radicalmente las tradiciones del arte en el libro y el libro en el arte. El libro ya no ilustra el texto, sino que crea en igualdad de condiciones con \u00e9l; ya no representa ni es representado, sino que se propone como un objeto de arte en s\u00ed mismo. Las consecuencias de esta nueva visi\u00f3n llegan hasta nuestros d\u00edas.<\/p>\n<p>&nbsp;<\/p>\n<p>Sergio Vila-Sanju\u00e1n<br \/>\n<em>Comisario del A\u00f1o del Libro y la Lectura 2005<\/em><\/p>\n","protected":false},"excerpt":{"rendered":"<p>El arte en el libro Como nos recuerdan Ingo F. Walther y Norbert Wolf, los manuscritos iluminados medievales, con su riqueza crom\u00e1tica y su precisi\u00f3n de detalles, con lo que podr\u00edamos denominar su gran majestuosidad y nobleza, suscitan una fascinaci\u00f3n creciente en el observador actual. En los \u00faltimos quince a\u00f1os, importantes exposiciones de estas piezas &hellip; <a href=\"https:\/\/www.fmirobcn.org\/blog\/es\/2022\/04\/19\/correspondencies-culturals\/\" class=\"more-link\">Contin\u00faa leyendo <span class=\"screen-reader-text\">Correspondencias culturales<\/span><\/a><\/p>\n","protected":false},"author":10000090,"featured_media":2147,"comment_status":"closed","ping_status":"closed","sticky":false,"template":"","format":"standard","meta":{"_acf_changed":false,"footnotes":""},"categories":[481,489,488,482],"tags":[483,486,460,487,484,485],"class_list":["post-2153","post","type-post","status-publish","format-standard","has-post-thumbnail","hentry","category-art-es","category-arte","category-libros","category-llibres-es","tag-art-es","tag-arte","tag-joan-miro-es","tag-libros","tag-llibres-es","tag-sant-jordi-es"],"acf":[],"yoast_head":"<!-- This site is optimized with the Yoast SEO plugin v26.1 - https:\/\/yoast.com\/wordpress\/plugins\/seo\/ -->\n<title>Correspondencias culturales - Blog Fundaci\u00f3 Joan Mir\u00f3<\/title>\n<meta name=\"robots\" content=\"index, follow, max-snippet:-1, max-image-preview:large, max-video-preview:-1\" \/>\n<link rel=\"canonical\" href=\"https:\/\/www.fmirobcn.org\/blog\/es\/2022\/04\/19\/correspondencies-culturals\/\" \/>\n<meta property=\"og:locale\" content=\"es_ES\" \/>\n<meta property=\"og:type\" content=\"article\" \/>\n<meta property=\"og:title\" content=\"Correspondencias culturales - Blog Fundaci\u00f3 Joan Mir\u00f3\" \/>\n<meta property=\"og:description\" content=\"El arte en el libro Como nos recuerdan Ingo F. Walther y Norbert Wolf, los manuscritos iluminados medievales, con su riqueza crom\u00e1tica y su precisi\u00f3n de detalles, con lo que podr\u00edamos denominar su gran majestuosidad y nobleza, suscitan una fascinaci\u00f3n creciente en el observador actual. En los \u00faltimos quince a\u00f1os, importantes exposiciones de estas piezas &hellip; Contin\u00faa leyendo Correspondencias culturales\" \/>\n<meta property=\"og:url\" content=\"https:\/\/www.fmirobcn.org\/blog\/es\/2022\/04\/19\/correspondencies-culturals\/\" \/>\n<meta property=\"og:site_name\" content=\"Blog Fundaci\u00f3 Joan Mir\u00f3\" \/>\n<meta property=\"article:published_time\" content=\"2022-04-19T11:28:43+00:00\" \/>\n<meta property=\"article:modified_time\" content=\"2022-04-19T11:47:41+00:00\" \/>\n<meta property=\"og:image\" content=\"https:\/\/www.fmirobcn.org\/blog\/wp-content\/uploads\/2022\/04\/sdf.png\" \/>\n\t<meta property=\"og:image:width\" content=\"800\" \/>\n\t<meta property=\"og:image:height\" content=\"400\" \/>\n\t<meta property=\"og:image:type\" content=\"image\/png\" \/>\n<meta name=\"author\" content=\"Sergio Vila-Sanju\u00e1n\" \/>\n<meta name=\"twitter:card\" content=\"summary_large_image\" \/>\n<meta name=\"twitter:label1\" content=\"Written by\" \/>\n\t<meta name=\"twitter:data1\" content=\"Sergio Vila-Sanju\u00e1n\" \/>\n\t<meta name=\"twitter:label2\" content=\"Est. reading time\" \/>\n\t<meta name=\"twitter:data2\" content=\"4 minutes\" \/>\n<script type=\"application\/ld+json\" class=\"yoast-schema-graph\">{\"@context\":\"https:\/\/schema.org\",\"@graph\":[{\"@type\":\"WebPage\",\"@id\":\"https:\/\/www.fmirobcn.org\/blog\/es\/2022\/04\/19\/correspondencies-culturals\/\",\"url\":\"https:\/\/www.fmirobcn.org\/blog\/es\/2022\/04\/19\/correspondencies-culturals\/\",\"name\":\"Correspondencias culturales - Blog Fundaci\u00f3 Joan Mir\u00f3\",\"isPartOf\":{\"@id\":\"https:\/\/www.fmirobcn.org\/blog\/#website\"},\"primaryImageOfPage\":{\"@id\":\"https:\/\/www.fmirobcn.org\/blog\/es\/2022\/04\/19\/correspondencies-culturals\/#primaryimage\"},\"image\":{\"@id\":\"https:\/\/www.fmirobcn.org\/blog\/es\/2022\/04\/19\/correspondencies-culturals\/#primaryimage\"},\"thumbnailUrl\":\"https:\/\/www.fmirobcn.org\/blog\/wp-content\/uploads\/2022\/04\/sdf.png\",\"datePublished\":\"2022-04-19T11:28:43+00:00\",\"dateModified\":\"2022-04-19T11:47:41+00:00\",\"author\":{\"@id\":\"https:\/\/www.fmirobcn.org\/blog\/#\/schema\/person\/99c1f0f8bddbc11f57cb4b822403cafb\"},\"breadcrumb\":{\"@id\":\"https:\/\/www.fmirobcn.org\/blog\/es\/2022\/04\/19\/correspondencies-culturals\/#breadcrumb\"},\"inLanguage\":\"es-ES\",\"potentialAction\":[{\"@type\":\"ReadAction\",\"target\":[\"https:\/\/www.fmirobcn.org\/blog\/es\/2022\/04\/19\/correspondencies-culturals\/\"]}]},{\"@type\":\"ImageObject\",\"inLanguage\":\"es-ES\",\"@id\":\"https:\/\/www.fmirobcn.org\/blog\/es\/2022\/04\/19\/correspondencies-culturals\/#primaryimage\",\"url\":\"https:\/\/www.fmirobcn.org\/blog\/wp-content\/uploads\/2022\/04\/sdf.png\",\"contentUrl\":\"https:\/\/www.fmirobcn.org\/blog\/wp-content\/uploads\/2022\/04\/sdf.png\",\"width\":800,\"height\":400},{\"@type\":\"BreadcrumbList\",\"@id\":\"https:\/\/www.fmirobcn.org\/blog\/es\/2022\/04\/19\/correspondencies-culturals\/#breadcrumb\",\"itemListElement\":[{\"@type\":\"ListItem\",\"position\":1,\"name\":\"Inici\",\"item\":\"https:\/\/www.fmirobcn.org\/blog\/\"},{\"@type\":\"ListItem\",\"position\":2,\"name\":\"Correspondencias culturales\"}]},{\"@type\":\"WebSite\",\"@id\":\"https:\/\/www.fmirobcn.org\/blog\/#website\",\"url\":\"https:\/\/www.fmirobcn.org\/blog\/\",\"name\":\"Blog Fundaci\u00f3 Joan Mir\u00f3\",\"description\":\"El blog de la Fundaci\u00f3 Joan Mir\u00f3 acoge diversas voces que estiran los hilos tem\u00e1ticos de la actividad de la Fundaci\u00f3, expandiendo los contenidos y generando nuevos puntos de vista sobre la creaci\u00f3n, sobre Mir\u00f3 o sobre los temas relacionados con las exposiciones.\",\"potentialAction\":[{\"@type\":\"SearchAction\",\"target\":{\"@type\":\"EntryPoint\",\"urlTemplate\":\"https:\/\/www.fmirobcn.org\/blog\/?s={search_term_string}\"},\"query-input\":{\"@type\":\"PropertyValueSpecification\",\"valueRequired\":true,\"valueName\":\"search_term_string\"}}],\"inLanguage\":\"es-ES\"},{\"@type\":\"Person\",\"@id\":\"https:\/\/www.fmirobcn.org\/blog\/#\/schema\/person\/99c1f0f8bddbc11f57cb4b822403cafb\",\"name\":\"Sergio Vila-Sanju\u00e1n\",\"url\":\"https:\/\/www.fmirobcn.org\/blog\/es\/author\/sergio-vila-sanjuan\/\"}]}<\/script>\n<!-- \/ Yoast SEO plugin. -->","yoast_head_json":{"title":"Correspondencias culturales - Blog Fundaci\u00f3 Joan Mir\u00f3","robots":{"index":"index","follow":"follow","max-snippet":"max-snippet:-1","max-image-preview":"max-image-preview:large","max-video-preview":"max-video-preview:-1"},"canonical":"https:\/\/www.fmirobcn.org\/blog\/es\/2022\/04\/19\/correspondencies-culturals\/","og_locale":"es_ES","og_type":"article","og_title":"Correspondencias culturales - Blog Fundaci\u00f3 Joan Mir\u00f3","og_description":"El arte en el libro Como nos recuerdan Ingo F. Walther y Norbert Wolf, los manuscritos iluminados medievales, con su riqueza crom\u00e1tica y su precisi\u00f3n de detalles, con lo que podr\u00edamos denominar su gran majestuosidad y nobleza, suscitan una fascinaci\u00f3n creciente en el observador actual. En los \u00faltimos quince a\u00f1os, importantes exposiciones de estas piezas &hellip; Contin\u00faa leyendo Correspondencias culturales","og_url":"https:\/\/www.fmirobcn.org\/blog\/es\/2022\/04\/19\/correspondencies-culturals\/","og_site_name":"Blog Fundaci\u00f3 Joan Mir\u00f3","article_published_time":"2022-04-19T11:28:43+00:00","article_modified_time":"2022-04-19T11:47:41+00:00","og_image":[{"width":800,"height":400,"url":"https:\/\/www.fmirobcn.org\/blog\/wp-content\/uploads\/2022\/04\/sdf.png","type":"image\/png"}],"author":"Sergio Vila-Sanju\u00e1n","twitter_card":"summary_large_image","twitter_misc":{"Written by":"Sergio Vila-Sanju\u00e1n","Est. reading time":"4 minutes"},"schema":{"@context":"https:\/\/schema.org","@graph":[{"@type":"WebPage","@id":"https:\/\/www.fmirobcn.org\/blog\/es\/2022\/04\/19\/correspondencies-culturals\/","url":"https:\/\/www.fmirobcn.org\/blog\/es\/2022\/04\/19\/correspondencies-culturals\/","name":"Correspondencias culturales - Blog Fundaci\u00f3 Joan Mir\u00f3","isPartOf":{"@id":"https:\/\/www.fmirobcn.org\/blog\/#website"},"primaryImageOfPage":{"@id":"https:\/\/www.fmirobcn.org\/blog\/es\/2022\/04\/19\/correspondencies-culturals\/#primaryimage"},"image":{"@id":"https:\/\/www.fmirobcn.org\/blog\/es\/2022\/04\/19\/correspondencies-culturals\/#primaryimage"},"thumbnailUrl":"https:\/\/www.fmirobcn.org\/blog\/wp-content\/uploads\/2022\/04\/sdf.png","datePublished":"2022-04-19T11:28:43+00:00","dateModified":"2022-04-19T11:47:41+00:00","author":{"@id":"https:\/\/www.fmirobcn.org\/blog\/#\/schema\/person\/99c1f0f8bddbc11f57cb4b822403cafb"},"breadcrumb":{"@id":"https:\/\/www.fmirobcn.org\/blog\/es\/2022\/04\/19\/correspondencies-culturals\/#breadcrumb"},"inLanguage":"es-ES","potentialAction":[{"@type":"ReadAction","target":["https:\/\/www.fmirobcn.org\/blog\/es\/2022\/04\/19\/correspondencies-culturals\/"]}]},{"@type":"ImageObject","inLanguage":"es-ES","@id":"https:\/\/www.fmirobcn.org\/blog\/es\/2022\/04\/19\/correspondencies-culturals\/#primaryimage","url":"https:\/\/www.fmirobcn.org\/blog\/wp-content\/uploads\/2022\/04\/sdf.png","contentUrl":"https:\/\/www.fmirobcn.org\/blog\/wp-content\/uploads\/2022\/04\/sdf.png","width":800,"height":400},{"@type":"BreadcrumbList","@id":"https:\/\/www.fmirobcn.org\/blog\/es\/2022\/04\/19\/correspondencies-culturals\/#breadcrumb","itemListElement":[{"@type":"ListItem","position":1,"name":"Inici","item":"https:\/\/www.fmirobcn.org\/blog\/"},{"@type":"ListItem","position":2,"name":"Correspondencias culturales"}]},{"@type":"WebSite","@id":"https:\/\/www.fmirobcn.org\/blog\/#website","url":"https:\/\/www.fmirobcn.org\/blog\/","name":"Blog Fundaci\u00f3 Joan Mir\u00f3","description":"El blog de la Fundaci\u00f3 Joan Mir\u00f3 acoge diversas voces que estiran los hilos tem\u00e1ticos de la actividad de la Fundaci\u00f3, expandiendo los contenidos y generando nuevos puntos de vista sobre la creaci\u00f3n, sobre Mir\u00f3 o sobre los temas relacionados con las exposiciones.","potentialAction":[{"@type":"SearchAction","target":{"@type":"EntryPoint","urlTemplate":"https:\/\/www.fmirobcn.org\/blog\/?s={search_term_string}"},"query-input":{"@type":"PropertyValueSpecification","valueRequired":true,"valueName":"search_term_string"}}],"inLanguage":"es-ES"},{"@type":"Person","@id":"https:\/\/www.fmirobcn.org\/blog\/#\/schema\/person\/99c1f0f8bddbc11f57cb4b822403cafb","name":"Sergio Vila-Sanju\u00e1n","url":"https:\/\/www.fmirobcn.org\/blog\/es\/author\/sergio-vila-sanjuan\/"}]}},"_links":{"self":[{"href":"https:\/\/www.fmirobcn.org\/blog\/es\/wp-json\/wp\/v2\/posts\/2153","targetHints":{"allow":["GET"]}}],"collection":[{"href":"https:\/\/www.fmirobcn.org\/blog\/es\/wp-json\/wp\/v2\/posts"}],"about":[{"href":"https:\/\/www.fmirobcn.org\/blog\/es\/wp-json\/wp\/v2\/types\/post"}],"author":[{"embeddable":true,"href":"https:\/\/www.fmirobcn.org\/blog\/es\/wp-json\/wp\/v2\/users\/10000090"}],"replies":[{"embeddable":true,"href":"https:\/\/www.fmirobcn.org\/blog\/es\/wp-json\/wp\/v2\/comments?post=2153"}],"version-history":[{"count":3,"href":"https:\/\/www.fmirobcn.org\/blog\/es\/wp-json\/wp\/v2\/posts\/2153\/revisions"}],"predecessor-version":[{"id":2159,"href":"https:\/\/www.fmirobcn.org\/blog\/es\/wp-json\/wp\/v2\/posts\/2153\/revisions\/2159"}],"wp:featuredmedia":[{"embeddable":true,"href":"https:\/\/www.fmirobcn.org\/blog\/es\/wp-json\/wp\/v2\/media\/2147"}],"wp:attachment":[{"href":"https:\/\/www.fmirobcn.org\/blog\/es\/wp-json\/wp\/v2\/media?parent=2153"}],"wp:term":[{"taxonomy":"category","embeddable":true,"href":"https:\/\/www.fmirobcn.org\/blog\/es\/wp-json\/wp\/v2\/categories?post=2153"},{"taxonomy":"post_tag","embeddable":true,"href":"https:\/\/www.fmirobcn.org\/blog\/es\/wp-json\/wp\/v2\/tags?post=2153"}],"curies":[{"name":"wp","href":"https:\/\/api.w.org\/{rel}","templated":true}]}}