{"id":780,"date":"2017-12-20T14:00:55","date_gmt":"2017-12-20T13:00:55","guid":{"rendered":"https:\/\/www.fmirobcn.org\/blog\/?p=780\/"},"modified":"2017-12-20T17:38:13","modified_gmt":"2017-12-20T16:38:13","slug":"malet-se-pero-rosa-maria-se-queda-adios-con-matices","status":"publish","type":"post","link":"https:\/\/www.fmirobcn.org\/blog\/es\/2017\/12\/20\/malet-se-pero-rosa-maria-se-queda-adios-con-matices\/","title":{"rendered":"Malet se va, pero Rosa Maria se queda. Un adi\u00f3s con matices."},"content":{"rendered":"<p><strong>Despu\u00e9s de casi cuatro d\u00e9cadas al frente de la Fundaci\u00f3, Rosa Maria Malet inicia una nueva etapa.<\/strong><\/p>\n<p>En la \u00e9poca de la precariedad laboral marcada por el liberalismo, casos como el suyo son cada vez m\u00e1s inusuales. Cuando en diciembre cierre la puerta de su despacho por \u00faltima vez dejar\u00e1 atr\u00e1s 37 a\u00f1os como directora de la Fundaci\u00f3 Joan Mir\u00f3, casi cuatro d\u00e9cadas dedicadas a un trabajo que se convirti\u00f3 en su vida. \u00abYo iba para enfermera\u00bb, dice, con una sonrisa que parece imaginar lo diferente que habr\u00eda sido todo si un d\u00eda no hubiera decidido cambiar el blanco de un laboratorio por el blanco del edificio que acabar\u00eda por convertirse en el escenario de toda su carrera laboral. Entr\u00f3 como ayudante de conservador, en una Fundaci\u00f3 que acababa de nacer con unas perspectivas tan esperanzadoras como inciertas, y se va como directora de una de las instituciones m\u00e1s respetadas del mundo del arte. 37 a\u00f1os que han visto cambiar la Fundaci\u00f3, la ciudad, el arte y la sociedad. \u00bfY ella? \u00bfCambi\u00f3 la Fundaci\u00f3 o la Fundaci\u00f3 la ha cambiado a ella? Dif\u00edcil, tal vez imposible, de saber.<\/p>\n<p><img loading=\"lazy\" decoding=\"async\" class=\"alignnone size-full wp-image-751\" src=\"https:\/\/www.fmirobcn.org\/blog\/wp-content\/uploads\/2017\/12\/fmiro170711_001.jpg\" alt=\"\" width=\"2736\" height=\"1852\" srcset=\"https:\/\/www.fmirobcn.org\/blog\/wp-content\/uploads\/2017\/12\/fmiro170711_001.jpg 2736w, https:\/\/www.fmirobcn.org\/blog\/wp-content\/uploads\/2017\/12\/fmiro170711_001-300x203.jpg 300w, https:\/\/www.fmirobcn.org\/blog\/wp-content\/uploads\/2017\/12\/fmiro170711_001-768x520.jpg 768w, https:\/\/www.fmirobcn.org\/blog\/wp-content\/uploads\/2017\/12\/fmiro170711_001-672x455.jpg 672w, https:\/\/www.fmirobcn.org\/blog\/wp-content\/uploads\/2017\/12\/fmiro170711_001-533x361.jpg 533w\" sizes=\"auto, (max-width: 2736px) 100vw, 2736px\" \/><\/p>\n<p class=\"peu-foto\">Fiesta de los Amigos de la Fundaci\u00f3 Joan Mir\u00f3. Julio de 2017<\/p>\n<p><img loading=\"lazy\" decoding=\"async\" class=\"alignnone size-full wp-image-753\" src=\"https:\/\/www.fmirobcn.org\/blog\/wp-content\/uploads\/2017\/12\/1977-America-America.jpg\" alt=\"\" width=\"1000\" height=\"675\" srcset=\"https:\/\/www.fmirobcn.org\/blog\/wp-content\/uploads\/2017\/12\/1977-America-America.jpg 1000w, https:\/\/www.fmirobcn.org\/blog\/wp-content\/uploads\/2017\/12\/1977-America-America-300x203.jpg 300w, https:\/\/www.fmirobcn.org\/blog\/wp-content\/uploads\/2017\/12\/1977-America-America-768x518.jpg 768w, https:\/\/www.fmirobcn.org\/blog\/wp-content\/uploads\/2017\/12\/1977-America-America-674x455.jpg 674w, https:\/\/www.fmirobcn.org\/blog\/wp-content\/uploads\/2017\/12\/1977-America-America-533x360.jpg 533w\" sizes=\"auto, (max-width: 1000px) 100vw, 1000px\" \/><\/p>\n<p class=\"peu-foto\"><span id=\"result_box\" class=\"\" lang=\"es\" style=\"color: #000000;\">Exposici\u00f3n <em>Am\u00e9rica, Am\u00e9rica (pintura norteamericana 1945-1975)<\/em>. Fundaci\u00f3 Joan Mir\u00f3, Barcelona, 1977<br \/>\n<\/span><\/p>\n<p>Ella es consciente de los cambios que han tenido lugar y de los que no han sido posibles, de las transformaciones realizadas y de las pendientes.<strong> \u00abNunca pens\u00e9 que acabar\u00eda dirigiendo un museo, pero cuando empec\u00e9 me pareci\u00f3 fascinante, porque el momento lo era. Mir\u00f3 a\u00fan viv\u00eda, todo estaba por hacer&#8230;, pero hab\u00eda mucha ilusi\u00f3n. Ahora la situaci\u00f3n es otra, el p\u00fablico ha cambiado, la instituci\u00f3n tiene m\u00e1s recursos&#8230;\u00bb<\/strong>, dice sin que acabe de quedar claro si, para ella, el cambio es bueno o malo. Esta es una constante en ella: explica las cosas de manera factual, como si observase la realidad sin juzgarla. Tan solo una ligera sonrisa invita a intuir qu\u00e9 piensa. Mesura las palabras con cuidado, consciente de su papel institucional como directora de un museo. Un equilibrio que puede romperse en cualquier momento. Quiz\u00e1 por eso ha huido de la pol\u00e9mica que tanto buscan algunos de sus compa\u00f1eros de gremio. Ve en la prensa un mecanismo que debe servir para promocionar el museo, no a ella, y habla sin olvidar en ning\u00fan momento su obligaci\u00f3n de no molestar a nadie: patrones, p\u00fablico, instituciones, patrocinadores, coleccionistas&#8230; \u00bfMisi\u00f3n imposible? Sus 37 a\u00f1os en la casa parecen demostrar que no.<\/p>\n<p><img loading=\"lazy\" decoding=\"async\" class=\"alignnone size-full wp-image-750\" src=\"https:\/\/www.fmirobcn.org\/blog\/wp-content\/uploads\/2017\/12\/18_Miro_Serie-Barcelona.jpg\" alt=\"\" width=\"2052\" height=\"1388\" srcset=\"https:\/\/www.fmirobcn.org\/blog\/wp-content\/uploads\/2017\/12\/18_Miro_Serie-Barcelona.jpg 2052w, https:\/\/www.fmirobcn.org\/blog\/wp-content\/uploads\/2017\/12\/18_Miro_Serie-Barcelona-300x203.jpg 300w, https:\/\/www.fmirobcn.org\/blog\/wp-content\/uploads\/2017\/12\/18_Miro_Serie-Barcelona-768x519.jpg 768w, https:\/\/www.fmirobcn.org\/blog\/wp-content\/uploads\/2017\/12\/18_Miro_Serie-Barcelona-673x455.jpg 673w, https:\/\/www.fmirobcn.org\/blog\/wp-content\/uploads\/2017\/12\/18_Miro_Serie-Barcelona-533x361.jpg 533w\" sizes=\"auto, (max-width: 2052px) 100vw, 2052px\" \/><\/p>\n<p class=\"peu-foto\">Joan Mir\u00f3 y Rosa Maria Malet contemplando la <em>Serie Barcelona<\/em> en las salas de la Fundaci\u00f3<\/p>\n<p>Entre las cosas que han cambiado durante estas cuatro d\u00e9cadas est\u00e1 la percepci\u00f3n de los museos como centros de alta cultura alejados del gran p\u00fablico, una percepci\u00f3n a\u00fan m\u00e1s elitista en el caso de los centros de arte contempor\u00e1neos, vistos durante a\u00f1os como espacios frecuentados por cuatro esnobs. Hoy todo se mide en funci\u00f3n del \u00e9xito, y el \u00e9xito pasa por tener grandes exposiciones y colas en la puerta. Todo el mundo se ha visto m\u00e1s o menos obligado a jugar en esta liga y la Fundaci\u00f3 lo ha hecho \u2014o lo ha intentado\u2014 pese a las evidentes dificultades. Ha hecho, en efecto, grandes exposiciones, y ha tenido \u00e9xitos importantes. Pero este no es su juego, no es su espacio natural, no era este el objetivo para el que fue creada, no es esta la din\u00e1mica que genera el edificio de Sert. Desde su despacho de directora, Rosa Maria Malet ha sido testigo tanto de la llegada de esta moda como de su lenta defunci\u00f3n, motivada por la escasez de recursos econ\u00f3micos y por el cansancio de los grandes museos y coleccionistas. Hay un retorno a la normalidad, al trabajo constante y discreto, que no busca deslumbrar, sino, sencillamente, explicar. Y este es, justamente, el mejor terreno de juego para Rosa Maria Malet: por talante personal, por el momento en que se incorpor\u00f3 a la casa, por su experiencia personal, ella siempre ha cre\u00eddo en esta forma de hacer. No resulta extra\u00f1o, pues, que se sienta reivindicada en un mundo del arte que se ha visto obligado a bajarse los humos. <strong>\u00abSiempre hemos querido que la gente lo pase bien, que visitar la Fundaci\u00f3 sea una experiencia, que resulte interesante. Pero sobre todo hemos pensado en dar un servicio, no en entretener, sino en invitar a la gente a descubrir, a reflexionar. Cuando abrimos hab\u00eda una enorme expectaci\u00f3n, hab\u00eda muchas ganas, y hac\u00edamos actividades con la Fundaci\u00f3 abarrotada, pero en cambio se valoraba mucho que las salas de exposici\u00f3n fuesen espacios muy tranquilos\u00bb<\/strong>, dice con un punto de liger\u00edsima tristeza. Ahora est\u00e1n llenas, pero de turistas, \u00aby ahora resulta que los quieren asustar, as\u00ed que&#8230;\u00bb. Y la tristeza se vuelve sorpresa y preocupaci\u00f3n.<\/p>\n<p><img loading=\"lazy\" decoding=\"async\" class=\"alignnone size-full wp-image-774\" src=\"https:\/\/www.fmirobcn.org\/blog\/wp-content\/uploads\/2017\/12\/1995_2017_equip_fjmb.jpg\" alt=\"\" width=\"700\" height=\"846\" srcset=\"https:\/\/www.fmirobcn.org\/blog\/wp-content\/uploads\/2017\/12\/1995_2017_equip_fjmb.jpg 700w, https:\/\/www.fmirobcn.org\/blog\/wp-content\/uploads\/2017\/12\/1995_2017_equip_fjmb-248x300.jpg 248w, https:\/\/www.fmirobcn.org\/blog\/wp-content\/uploads\/2017\/12\/1995_2017_equip_fjmb-376x455.jpg 376w, https:\/\/www.fmirobcn.org\/blog\/wp-content\/uploads\/2017\/12\/1995_2017_equip_fjmb-533x644.jpg 533w\" sizes=\"auto, (max-width: 700px) 100vw, 700px\" \/><\/p>\n<p class=\"peu-foto\">Arriba, el equipo de la Fundaci\u00f3 en 1995. Foto: Roger Vel\u00e1zquez. Magazine, La Vanguardia. Abajo, Rosa Maria Malet con el equipo de la Fundaci\u00f3 durante su despedida, diciembre de 2017. Foto: Pep Herrero<\/p>\n<p>Ahora su panorama es otro, ahora empaqueta sus cosas para la despedida, que no por deseada deja de ser melanc\u00f3lica. Deja atr\u00e1s una Fundaci\u00f3 consolidada, m\u00e1s grande, con m\u00e1s obras, con m\u00e1s visitantes&#8230;<strong> \u00abMe hubiera gustado organizar una exposici\u00f3n de David Hockney, hacer peque\u00f1as exposiciones tem\u00e1ticas de Mir\u00f3, reforzar el Espai 13&#8230;\u00bb<\/strong>. No podr\u00e1 ser, otra persona se sentar\u00e1 en su despacho, tomar\u00e1 las decisiones. Pero ella no se va, no del todo: seguir\u00e1 vinculada a la Fundaci\u00f3 como miembro del Patronato, observando, aconsejando, ayudando. En el Patronato echar\u00e1 de menos a quien durante a\u00f1os fue amigo y aliado, Eduard Castellet, fallecido este agosto, el hombre que, como dice ella, <strong>\u00abten\u00eda claro que no podemos acobardarnos ante lo que pervive y da sentido a la instituci\u00f3n\u00bb<\/strong>. Esta es una tarea que le hace una innegable ilusi\u00f3n: profesionalmente, porque hace posible que su experiencia no se pierda; personalmente, porque le evita caer en el inevitable desconcierto de la jubilaci\u00f3n. Como directora, ha callado m\u00e1s que ha hablado, obligada a trabajar rodeada del sentido de importancia de artistas, comisarios, patrocinadores y pol\u00edticos. \u00bfPropondr\u00e1, desde el Patronato, lo que no ha propuesto estos a\u00f1os?, \u00bfdir\u00e1 lo que no ha podido decir?, \u00bfhar\u00e1 lo que no ha podido hacer? Se lo pregunto y se limita a sonre\u00edr, entre sorprendida y traviesa. Y yo no lo descarto. Malet, la directora, se va. Pero Rosa Maria, la chica que empez\u00f3 poniendo enchufes antes de un acto o yendo a buscar a un conferenciante al aeropuerto en un Dos Caballos, se queda. Qui\u00e9n sabe\u2026<\/p>\n<p><img loading=\"lazy\" decoding=\"async\" class=\"alignnone size-full wp-image-765\" src=\"https:\/\/www.fmirobcn.org\/blog\/wp-content\/uploads\/2017\/12\/1993_Catala-Roca_Castellet.jpg\" alt=\"\" width=\"2313\" height=\"1449\" srcset=\"https:\/\/www.fmirobcn.org\/blog\/wp-content\/uploads\/2017\/12\/1993_Catala-Roca_Castellet.jpg 2313w, https:\/\/www.fmirobcn.org\/blog\/wp-content\/uploads\/2017\/12\/1993_Catala-Roca_Castellet-300x188.jpg 300w, https:\/\/www.fmirobcn.org\/blog\/wp-content\/uploads\/2017\/12\/1993_Catala-Roca_Castellet-768x481.jpg 768w, https:\/\/www.fmirobcn.org\/blog\/wp-content\/uploads\/2017\/12\/1993_Catala-Roca_Castellet-726x455.jpg 726w, https:\/\/www.fmirobcn.org\/blog\/wp-content\/uploads\/2017\/12\/1993_Catala-Roca_Castellet-533x334.jpg 533w\" sizes=\"auto, (max-width: 2313px) 100vw, 2313px\" \/><\/p>\n<p class=\"peu-foto\">Josep Miquel Garcia, Rosa Maria Malet, Eduard Castellet y Francesc Catal\u00e1n-Roca, 1993<\/p>\n<p><img loading=\"lazy\" decoding=\"async\" class=\"alignnone size-full wp-image-760\" src=\"https:\/\/www.fmirobcn.org\/blog\/wp-content\/uploads\/2017\/12\/fmiro170711_125.jpg\" alt=\"\" width=\"3072\" height=\"2051\" srcset=\"https:\/\/www.fmirobcn.org\/blog\/wp-content\/uploads\/2017\/12\/fmiro170711_125.jpg 3072w, https:\/\/www.fmirobcn.org\/blog\/wp-content\/uploads\/2017\/12\/fmiro170711_125-300x200.jpg 300w, https:\/\/www.fmirobcn.org\/blog\/wp-content\/uploads\/2017\/12\/fmiro170711_125-768x513.jpg 768w, https:\/\/www.fmirobcn.org\/blog\/wp-content\/uploads\/2017\/12\/fmiro170711_125-682x455.jpg 682w, https:\/\/www.fmirobcn.org\/blog\/wp-content\/uploads\/2017\/12\/fmiro170711_125-533x356.jpg 533w\" sizes=\"auto, (max-width: 3072px) 100vw, 3072px\" \/><\/p>\n<p class=\"peu-foto\">Despedida de Rosa Maria Malet en la Fiesta de los Amigos de la Fundaci\u00f3 Joan Mir\u00f3. Julio de 2017<\/p>\n<p class=\"llegenda\"><strong>Traducci\u00f3n:<\/strong> Bernat Pujadas<\/p>\n","protected":false},"excerpt":{"rendered":"<p>Despu\u00e9s de casi cuatro d\u00e9cadas al frente de la Fundaci\u00f3, Rosa Maria Malet inicia una nueva etapa. En la \u00e9poca de la precariedad laboral marcada por el liberalismo, casos como el suyo son cada vez m\u00e1s inusuales. Cuando en diciembre cierre la puerta de su despacho por \u00faltima vez dejar\u00e1 atr\u00e1s 37 a\u00f1os como directora &hellip; <a href=\"https:\/\/www.fmirobcn.org\/blog\/es\/2017\/12\/20\/malet-se-pero-rosa-maria-se-queda-adios-con-matices\/\" class=\"more-link\">Contin\u00faa leyendo <span class=\"screen-reader-text\">Malet se va, pero Rosa Maria se queda. Un adi\u00f3s con matices.<\/span><\/a><\/p>\n","protected":false},"author":28,"featured_media":747,"comment_status":"open","ping_status":"closed","sticky":false,"template":"","format":"standard","meta":{"_acf_changed":false,"footnotes":""},"categories":[97,249,54],"tags":[255,253,251],"class_list":["post-780","post","type-post","status-publish","format-standard","has-post-thumbnail","hentry","category-exposiciones","category-fundacio-joan-miro-es","category-miro-es","tag-despedida","tag-entrevista-es","tag-rosa-maria-malet-es"],"acf":[],"yoast_head":"<!-- This site is optimized with the Yoast SEO plugin v26.1 - https:\/\/yoast.com\/wordpress\/plugins\/seo\/ -->\n<title>Malet se va, pero Rosa Maria se queda. Un adi\u00f3s con matices. - Blog Fundaci\u00f3 Joan Mir\u00f3<\/title>\n<meta name=\"robots\" content=\"index, follow, max-snippet:-1, max-image-preview:large, max-video-preview:-1\" \/>\n<link rel=\"canonical\" href=\"https:\/\/www.fmirobcn.org\/blog\/es\/2017\/12\/20\/malet-se-pero-rosa-maria-se-queda-adios-con-matices\/\" \/>\n<meta property=\"og:locale\" content=\"es_ES\" \/>\n<meta property=\"og:type\" content=\"article\" \/>\n<meta property=\"og:title\" content=\"Malet se va, pero Rosa Maria se queda. Un adi\u00f3s con matices. - Blog Fundaci\u00f3 Joan Mir\u00f3\" \/>\n<meta property=\"og:description\" content=\"Despu\u00e9s de casi cuatro d\u00e9cadas al frente de la Fundaci\u00f3, Rosa Maria Malet inicia una nueva etapa. En la \u00e9poca de la precariedad laboral marcada por el liberalismo, casos como el suyo son cada vez m\u00e1s inusuales. Cuando en diciembre cierre la puerta de su despacho por \u00faltima vez dejar\u00e1 atr\u00e1s 37 a\u00f1os como directora &hellip; Contin\u00faa leyendo Malet se va, pero Rosa Maria se queda. Un adi\u00f3s con matices.\" \/>\n<meta property=\"og:url\" content=\"https:\/\/www.fmirobcn.org\/blog\/es\/2017\/12\/20\/malet-se-pero-rosa-maria-se-queda-adios-con-matices\/\" \/>\n<meta property=\"og:site_name\" content=\"Blog Fundaci\u00f3 Joan Mir\u00f3\" \/>\n<meta property=\"article:published_time\" content=\"2017-12-20T13:00:55+00:00\" \/>\n<meta property=\"article:modified_time\" content=\"2017-12-20T16:38:13+00:00\" \/>\n<meta property=\"og:image\" content=\"https:\/\/www.fmirobcn.org\/blog\/wp-content\/uploads\/2017\/12\/rosa_maria_malet_comiat_2018.png\" \/>\n\t<meta property=\"og:image:width\" content=\"1300\" \/>\n\t<meta property=\"og:image:height\" content=\"894\" \/>\n\t<meta property=\"og:image:type\" content=\"image\/png\" \/>\n<meta name=\"author\" content=\"Isidre Est\u00e9vez\" \/>\n<meta name=\"twitter:card\" content=\"summary_large_image\" \/>\n<meta name=\"twitter:label1\" content=\"Written by\" \/>\n\t<meta name=\"twitter:data1\" content=\"Isidre Est\u00e9vez\" \/>\n\t<meta name=\"twitter:label2\" content=\"Est. reading time\" \/>\n\t<meta name=\"twitter:data2\" content=\"6 minutes\" \/>\n<script type=\"application\/ld+json\" class=\"yoast-schema-graph\">{\"@context\":\"https:\/\/schema.org\",\"@graph\":[{\"@type\":\"WebPage\",\"@id\":\"https:\/\/www.fmirobcn.org\/blog\/es\/2017\/12\/20\/malet-se-pero-rosa-maria-se-queda-adios-con-matices\/\",\"url\":\"https:\/\/www.fmirobcn.org\/blog\/es\/2017\/12\/20\/malet-se-pero-rosa-maria-se-queda-adios-con-matices\/\",\"name\":\"Malet se va, pero Rosa Maria se queda. Un adi\u00f3s con matices. - Blog Fundaci\u00f3 Joan Mir\u00f3\",\"isPartOf\":{\"@id\":\"https:\/\/www.fmirobcn.org\/blog\/#website\"},\"primaryImageOfPage\":{\"@id\":\"https:\/\/www.fmirobcn.org\/blog\/es\/2017\/12\/20\/malet-se-pero-rosa-maria-se-queda-adios-con-matices\/#primaryimage\"},\"image\":{\"@id\":\"https:\/\/www.fmirobcn.org\/blog\/es\/2017\/12\/20\/malet-se-pero-rosa-maria-se-queda-adios-con-matices\/#primaryimage\"},\"thumbnailUrl\":\"https:\/\/www.fmirobcn.org\/blog\/wp-content\/uploads\/2017\/12\/rosa_maria_malet_comiat_2018.png\",\"datePublished\":\"2017-12-20T13:00:55+00:00\",\"dateModified\":\"2017-12-20T16:38:13+00:00\",\"author\":{\"@id\":\"https:\/\/www.fmirobcn.org\/blog\/#\/schema\/person\/40308b313acc4c876151362824789cc1\"},\"breadcrumb\":{\"@id\":\"https:\/\/www.fmirobcn.org\/blog\/es\/2017\/12\/20\/malet-se-pero-rosa-maria-se-queda-adios-con-matices\/#breadcrumb\"},\"inLanguage\":\"es-ES\",\"potentialAction\":[{\"@type\":\"ReadAction\",\"target\":[\"https:\/\/www.fmirobcn.org\/blog\/es\/2017\/12\/20\/malet-se-pero-rosa-maria-se-queda-adios-con-matices\/\"]}]},{\"@type\":\"ImageObject\",\"inLanguage\":\"es-ES\",\"@id\":\"https:\/\/www.fmirobcn.org\/blog\/es\/2017\/12\/20\/malet-se-pero-rosa-maria-se-queda-adios-con-matices\/#primaryimage\",\"url\":\"https:\/\/www.fmirobcn.org\/blog\/wp-content\/uploads\/2017\/12\/rosa_maria_malet_comiat_2018.png\",\"contentUrl\":\"https:\/\/www.fmirobcn.org\/blog\/wp-content\/uploads\/2017\/12\/rosa_maria_malet_comiat_2018.png\",\"width\":1300,\"height\":894},{\"@type\":\"BreadcrumbList\",\"@id\":\"https:\/\/www.fmirobcn.org\/blog\/es\/2017\/12\/20\/malet-se-pero-rosa-maria-se-queda-adios-con-matices\/#breadcrumb\",\"itemListElement\":[{\"@type\":\"ListItem\",\"position\":1,\"name\":\"Inici\",\"item\":\"https:\/\/www.fmirobcn.org\/blog\/\"},{\"@type\":\"ListItem\",\"position\":2,\"name\":\"Malet se va, pero Rosa Maria se queda. Un adi\u00f3s con matices.\"}]},{\"@type\":\"WebSite\",\"@id\":\"https:\/\/www.fmirobcn.org\/blog\/#website\",\"url\":\"https:\/\/www.fmirobcn.org\/blog\/\",\"name\":\"Blog Fundaci\u00f3 Joan Mir\u00f3\",\"description\":\"El blog de la Fundaci\u00f3 Joan Mir\u00f3 acoge diversas voces que estiran los hilos tem\u00e1ticos de la actividad de la Fundaci\u00f3, expandiendo los contenidos y generando nuevos puntos de vista sobre la creaci\u00f3n, sobre Mir\u00f3 o sobre los temas relacionados con las exposiciones.\",\"potentialAction\":[{\"@type\":\"SearchAction\",\"target\":{\"@type\":\"EntryPoint\",\"urlTemplate\":\"https:\/\/www.fmirobcn.org\/blog\/?s={search_term_string}\"},\"query-input\":{\"@type\":\"PropertyValueSpecification\",\"valueRequired\":true,\"valueName\":\"search_term_string\"}}],\"inLanguage\":\"es-ES\"},{\"@type\":\"Person\",\"@id\":\"https:\/\/www.fmirobcn.org\/blog\/#\/schema\/person\/40308b313acc4c876151362824789cc1\",\"name\":\"Isidre Est\u00e9vez\",\"url\":\"https:\/\/www.fmirobcn.org\/blog\/es\/author\/isidre-estevez\/\"}]}<\/script>\n<!-- \/ Yoast SEO plugin. -->","yoast_head_json":{"title":"Malet se va, pero Rosa Maria se queda. Un adi\u00f3s con matices. - Blog Fundaci\u00f3 Joan Mir\u00f3","robots":{"index":"index","follow":"follow","max-snippet":"max-snippet:-1","max-image-preview":"max-image-preview:large","max-video-preview":"max-video-preview:-1"},"canonical":"https:\/\/www.fmirobcn.org\/blog\/es\/2017\/12\/20\/malet-se-pero-rosa-maria-se-queda-adios-con-matices\/","og_locale":"es_ES","og_type":"article","og_title":"Malet se va, pero Rosa Maria se queda. Un adi\u00f3s con matices. - Blog Fundaci\u00f3 Joan Mir\u00f3","og_description":"Despu\u00e9s de casi cuatro d\u00e9cadas al frente de la Fundaci\u00f3, Rosa Maria Malet inicia una nueva etapa. En la \u00e9poca de la precariedad laboral marcada por el liberalismo, casos como el suyo son cada vez m\u00e1s inusuales. Cuando en diciembre cierre la puerta de su despacho por \u00faltima vez dejar\u00e1 atr\u00e1s 37 a\u00f1os como directora &hellip; Contin\u00faa leyendo Malet se va, pero Rosa Maria se queda. Un adi\u00f3s con matices.","og_url":"https:\/\/www.fmirobcn.org\/blog\/es\/2017\/12\/20\/malet-se-pero-rosa-maria-se-queda-adios-con-matices\/","og_site_name":"Blog Fundaci\u00f3 Joan Mir\u00f3","article_published_time":"2017-12-20T13:00:55+00:00","article_modified_time":"2017-12-20T16:38:13+00:00","og_image":[{"width":1300,"height":894,"url":"https:\/\/www.fmirobcn.org\/blog\/wp-content\/uploads\/2017\/12\/rosa_maria_malet_comiat_2018.png","type":"image\/png"}],"author":"Isidre Est\u00e9vez","twitter_card":"summary_large_image","twitter_misc":{"Written by":"Isidre Est\u00e9vez","Est. reading time":"6 minutes"},"schema":{"@context":"https:\/\/schema.org","@graph":[{"@type":"WebPage","@id":"https:\/\/www.fmirobcn.org\/blog\/es\/2017\/12\/20\/malet-se-pero-rosa-maria-se-queda-adios-con-matices\/","url":"https:\/\/www.fmirobcn.org\/blog\/es\/2017\/12\/20\/malet-se-pero-rosa-maria-se-queda-adios-con-matices\/","name":"Malet se va, pero Rosa Maria se queda. Un adi\u00f3s con matices. - Blog Fundaci\u00f3 Joan Mir\u00f3","isPartOf":{"@id":"https:\/\/www.fmirobcn.org\/blog\/#website"},"primaryImageOfPage":{"@id":"https:\/\/www.fmirobcn.org\/blog\/es\/2017\/12\/20\/malet-se-pero-rosa-maria-se-queda-adios-con-matices\/#primaryimage"},"image":{"@id":"https:\/\/www.fmirobcn.org\/blog\/es\/2017\/12\/20\/malet-se-pero-rosa-maria-se-queda-adios-con-matices\/#primaryimage"},"thumbnailUrl":"https:\/\/www.fmirobcn.org\/blog\/wp-content\/uploads\/2017\/12\/rosa_maria_malet_comiat_2018.png","datePublished":"2017-12-20T13:00:55+00:00","dateModified":"2017-12-20T16:38:13+00:00","author":{"@id":"https:\/\/www.fmirobcn.org\/blog\/#\/schema\/person\/40308b313acc4c876151362824789cc1"},"breadcrumb":{"@id":"https:\/\/www.fmirobcn.org\/blog\/es\/2017\/12\/20\/malet-se-pero-rosa-maria-se-queda-adios-con-matices\/#breadcrumb"},"inLanguage":"es-ES","potentialAction":[{"@type":"ReadAction","target":["https:\/\/www.fmirobcn.org\/blog\/es\/2017\/12\/20\/malet-se-pero-rosa-maria-se-queda-adios-con-matices\/"]}]},{"@type":"ImageObject","inLanguage":"es-ES","@id":"https:\/\/www.fmirobcn.org\/blog\/es\/2017\/12\/20\/malet-se-pero-rosa-maria-se-queda-adios-con-matices\/#primaryimage","url":"https:\/\/www.fmirobcn.org\/blog\/wp-content\/uploads\/2017\/12\/rosa_maria_malet_comiat_2018.png","contentUrl":"https:\/\/www.fmirobcn.org\/blog\/wp-content\/uploads\/2017\/12\/rosa_maria_malet_comiat_2018.png","width":1300,"height":894},{"@type":"BreadcrumbList","@id":"https:\/\/www.fmirobcn.org\/blog\/es\/2017\/12\/20\/malet-se-pero-rosa-maria-se-queda-adios-con-matices\/#breadcrumb","itemListElement":[{"@type":"ListItem","position":1,"name":"Inici","item":"https:\/\/www.fmirobcn.org\/blog\/"},{"@type":"ListItem","position":2,"name":"Malet se va, pero Rosa Maria se queda. Un adi\u00f3s con matices."}]},{"@type":"WebSite","@id":"https:\/\/www.fmirobcn.org\/blog\/#website","url":"https:\/\/www.fmirobcn.org\/blog\/","name":"Blog Fundaci\u00f3 Joan Mir\u00f3","description":"El blog de la Fundaci\u00f3 Joan Mir\u00f3 acoge diversas voces que estiran los hilos tem\u00e1ticos de la actividad de la Fundaci\u00f3, expandiendo los contenidos y generando nuevos puntos de vista sobre la creaci\u00f3n, sobre Mir\u00f3 o sobre los temas relacionados con las exposiciones.","potentialAction":[{"@type":"SearchAction","target":{"@type":"EntryPoint","urlTemplate":"https:\/\/www.fmirobcn.org\/blog\/?s={search_term_string}"},"query-input":{"@type":"PropertyValueSpecification","valueRequired":true,"valueName":"search_term_string"}}],"inLanguage":"es-ES"},{"@type":"Person","@id":"https:\/\/www.fmirobcn.org\/blog\/#\/schema\/person\/40308b313acc4c876151362824789cc1","name":"Isidre Est\u00e9vez","url":"https:\/\/www.fmirobcn.org\/blog\/es\/author\/isidre-estevez\/"}]}},"_links":{"self":[{"href":"https:\/\/www.fmirobcn.org\/blog\/es\/wp-json\/wp\/v2\/posts\/780","targetHints":{"allow":["GET"]}}],"collection":[{"href":"https:\/\/www.fmirobcn.org\/blog\/es\/wp-json\/wp\/v2\/posts"}],"about":[{"href":"https:\/\/www.fmirobcn.org\/blog\/es\/wp-json\/wp\/v2\/types\/post"}],"author":[{"embeddable":true,"href":"https:\/\/www.fmirobcn.org\/blog\/es\/wp-json\/wp\/v2\/users\/28"}],"replies":[{"embeddable":true,"href":"https:\/\/www.fmirobcn.org\/blog\/es\/wp-json\/wp\/v2\/comments?post=780"}],"version-history":[{"count":20,"href":"https:\/\/www.fmirobcn.org\/blog\/es\/wp-json\/wp\/v2\/posts\/780\/revisions"}],"predecessor-version":[{"id":831,"href":"https:\/\/www.fmirobcn.org\/blog\/es\/wp-json\/wp\/v2\/posts\/780\/revisions\/831"}],"wp:featuredmedia":[{"embeddable":true,"href":"https:\/\/www.fmirobcn.org\/blog\/es\/wp-json\/wp\/v2\/media\/747"}],"wp:attachment":[{"href":"https:\/\/www.fmirobcn.org\/blog\/es\/wp-json\/wp\/v2\/media?parent=780"}],"wp:term":[{"taxonomy":"category","embeddable":true,"href":"https:\/\/www.fmirobcn.org\/blog\/es\/wp-json\/wp\/v2\/categories?post=780"},{"taxonomy":"post_tag","embeddable":true,"href":"https:\/\/www.fmirobcn.org\/blog\/es\/wp-json\/wp\/v2\/tags?post=780"}],"curies":[{"name":"wp","href":"https:\/\/api.w.org\/{rel}","templated":true}]}}