{"id":1173,"date":"2019-01-17T12:27:33","date_gmt":"2019-01-17T11:27:33","guid":{"rendered":"https:\/\/www.fmirobcn.org\/blog\/?p=1173"},"modified":"2024-03-14T10:16:03","modified_gmt":"2024-03-14T09:16:03","slug":"nomes-mirades-dones-resilients","status":"publish","type":"post","link":"https:\/\/www.fmirobcn.org\/blog\/2019\/01\/17\/nomes-mirades-dones-resilients\/","title":{"rendered":"Nom\u00e9s s\u00ed \u00e9s s\u00ed. Mirades de dones resilients"},"content":{"rendered":"<p>La mirada des d\u2019una c\u00e0mera fotogr\u00e0fica resulta alliberadora i \u00e9s una meravella com a eina creativa i com a vector per explicar viv\u00e8ncies i expressar sentiments. \u00c9s molt curi\u00f3s que quan agafes la c\u00e0mera pots apropar i allunyar l\u2019objectiu, met\u00e0fora d\u2019endinsar-te en el teu \u00e9sser, per\u00f2 alhora de prendre dist\u00e0ncia de les teves preocupacions, cosa que de vegades \u00e9s molt necess\u00e0ria per entendre, processar i continuar avan\u00e7ant.<\/p>\n<p>Des d\u2019aquestes lents gaireb\u00e9 m\u00e0giques miro el grup de dotze dones que hem participat en aquest revelador taller de fotografia sota el guiatge de dues mestres fot\u00f2grafes brillants, Eugenia Ort\u00edz i Mon Casas, de <a href=\"http:\/\/clicme.es\/\"><em>CliCme<\/em><\/a>, gr\u00e0cies a la iniciativa de Montse Quer, responsable d\u2019accessibilitat de la Fundaci\u00f3 Joan Mir\u00f3. I aix\u00f2 \u00e9s el que veig.<\/p>\n<p><img loading=\"lazy\" decoding=\"async\" class=\"alignnone size-full wp-image-1174\" src=\"https:\/\/www.fmirobcn.org\/blog\/wp-content\/uploads\/2019\/01\/diptic-clara-web-768x255.jpg\" alt=\"\" width=\"768\" height=\"255\" srcset=\"https:\/\/www.fmirobcn.org\/blog\/wp-content\/uploads\/2019\/01\/diptic-clara-web-768x255.jpg 768w, https:\/\/www.fmirobcn.org\/blog\/wp-content\/uploads\/2019\/01\/diptic-clara-web-768x255-300x100.jpg 300w, https:\/\/www.fmirobcn.org\/blog\/wp-content\/uploads\/2019\/01\/diptic-clara-web-768x255-533x177.jpg 533w\" sizes=\"auto, (max-width: 768px) 100vw, 768px\" \/><\/p>\n<p>Les nostres hist\u00f2ries s\u00f3n molt diferents. Es podria dir que el denominador com\u00fa \u00e9s el fet d\u2019haver patit alguna discriminaci\u00f3 per ser dones. Discriminaci\u00f3 que en alguns casos s\u2019ha posat de manifest en la viol\u00e8ncia f\u00edsica, per\u00f2 que en altres s\u2019ha reflectit en all\u00f2 tan simple de no respectar el \u00abnom\u00e9s s\u00ed \u00e9s s\u00ed\u00bb, o b\u00e9 en menyspreu o desdeny a la feina&#8230; Tanmateix, malauradament, aquesta discriminaci\u00f3 ens uneix en certa mesura a totes les dones, com tamb\u00e9 a determinades \u00e8tnies, determinades classes socials, determinades maneres d\u2019estimar&#8230; Vaja, que vivim en societats basades en un funcionament jer\u00e0rquic i explotador, per la qual cosa poca gent es troba al marge d\u2019aquesta estructura dominadora i generadora d\u2019odi cap a les persones diferents, que trenquen motlles, i de vegades fins i tot tamb\u00e9 cap a nosaltres mateixes. Perqu\u00e8, no som diferents totes les persones?<\/p>\n<p>Per tant, crec que \u00e9s m\u00e9s bonic pensar que el que ens uneix \u00e9s el nostre coratge. La nostra resili\u00e8ncia. Les nostres ganes de sentir-nos b\u00e9 amb nosaltres mateixes i amb el m\u00f3n. La fortalesa que hem tingut per apropar-nos a l\u2019associaci\u00f3 <a href=\"http:\/\/heliadones.org\/ca\/\"><em>H\u00e8lia Dones<\/em><\/a> buscant suport. Perqu\u00e8, contr\u00e0riament al que es creu, per demanar ajuda cal ser molt forta i tenir molta autoestima per acceptar una m\u00e0 oberta i paraules d\u2019encoratjament.<\/p>\n<p><img loading=\"lazy\" decoding=\"async\" class=\"alignnone size-full wp-image-1177\" src=\"https:\/\/www.fmirobcn.org\/blog\/wp-content\/uploads\/2019\/01\/P1020604.jpg\" alt=\"\" width=\"710\" height=\"236\" srcset=\"https:\/\/www.fmirobcn.org\/blog\/wp-content\/uploads\/2019\/01\/P1020604.jpg 710w, https:\/\/www.fmirobcn.org\/blog\/wp-content\/uploads\/2019\/01\/P1020604-300x100.jpg 300w, https:\/\/www.fmirobcn.org\/blog\/wp-content\/uploads\/2019\/01\/P1020604-533x177.jpg 533w\" sizes=\"auto, (max-width: 710px) 100vw, 710px\" \/><\/p>\n<p>Ens contemplo des de l\u2019objectiu, per\u00f2 no veig objectes. Veig personalitats riques i complexes, mirades diferents a la meva, que m\u2019inspiren a prendre\u2019m les dificultats amb m\u00e9s filosofia. Veig subjectes amb una capacitat sorprenent de crear, de sentir, d\u2019expressar, de donar i de rebre calor, i tamb\u00e9 de generar i aprendre nous coneixements. I, sincerament, sento molta ll\u00e0stima per aquelles persones pobres per dins, que no han sabut percebre tota aquesta bellesa i ens han tractat malament.<\/p>\n<p>Costa d\u2019entendre; segurament no tenien les lents ben enfocades (pot ser dif\u00edcil enfocar b\u00e9 en la vida). Perqu\u00e8, quan moc la roda de l\u2019objectiu i trobo aquest equilibri en qu\u00e8 puc captar tot el detall del que vull mostrar en una imatge, el que veig en les meves companyes s\u00f3n uns colors molt vius, que a mi no produeixen altra cosa que un sentiment d\u2019admiraci\u00f3 i gratitud.<\/p>\n<p>Set setmanes \u00e9s el que ha durat un projecte que va n\u00e9ixer d\u2019un grup de dones, per i per a dones. En certa manera, aquest taller ens ha canviat la vida des de diferents punts de vista. A trav\u00e9s de l\u2019objectiu de la c\u00e0mera, ens hem adonat que la vida es pot veure des de molts angles, que adquireix tonalitats i clarobscurs segons la llum que rebis, que has de trobar-te en el moment adequat i fixar-te en els petits detalls que et permeten viure en el present, reflexionar, sentir la tempesta i despr\u00e9s la calma, i veure les coses belles que hi ha al teu voltant.<\/p>\n<p><img loading=\"lazy\" decoding=\"async\" class=\"alignnone size-full wp-image-1178\" src=\"https:\/\/www.fmirobcn.org\/blog\/wp-content\/uploads\/2019\/01\/DSC_0010web.jpg\" alt=\"\" width=\"710\" height=\"530\" srcset=\"https:\/\/www.fmirobcn.org\/blog\/wp-content\/uploads\/2019\/01\/DSC_0010web.jpg 710w, https:\/\/www.fmirobcn.org\/blog\/wp-content\/uploads\/2019\/01\/DSC_0010web-300x224.jpg 300w, https:\/\/www.fmirobcn.org\/blog\/wp-content\/uploads\/2019\/01\/DSC_0010web-610x455.jpg 610w, https:\/\/www.fmirobcn.org\/blog\/wp-content\/uploads\/2019\/01\/DSC_0010web-533x398.jpg 533w\" sizes=\"auto, (max-width: 710px) 100vw, 710px\" \/><\/p>\n<p>Aprendre a usar aquests recursos art\u00edstics pot ser molt \u00fatil per afrontar aquells moments en qu\u00e8 et trobes en la foscor, amb prou feines veus res, est\u00e0s sola i tens por. S\u00f3n situacions de les quals \u00e9s dif\u00edcil sortir, i les eines per expressar-te s\u00f3n excel\u00b7lents per processar el sofriment, sense que s\u2019enquisti, i emprendre nous camins.<\/p>\n<p>A m\u00e9s, iniciatives com aquesta s\u00f3n essencials per generar xarxes de dones que es troben en situacions semblants. Tot i que no coneixes ning\u00fa i totes som diferents, quan estem juntes, ens uneix una for\u00e7a i un suport que abans no sent\u00edem.<\/p>\n<p>En aquest sentit, \u00e9s important destacar que aquest projecte de la Fundaci\u00f3 Joan Mir\u00f3 s\u2019ha fet posant el focus en el treball en equip i de cooperaci\u00f3. De fet, aquest plantejament es reflecteix fins i tot en el resultat obtingut en l\u2019exposici\u00f3; per exemple, l\u2019espai d\u2019imatges de cada participant el construeixen les fotos preses per cada una, per\u00f2 tamb\u00e9 les mirades de la resta. Veiem, doncs, un resultat preci\u00f3s que plasma aquesta manera de treballar, en qu\u00e8 les nostres individualitats s\u00f3n parts que hem anat trenant i que s\u2019han sumat amb un objectiu final com\u00fa, que \u00e9s <a href=\"https:\/\/www.fmirobcn.org\/ca\/activitats\/accessibilitat\/18\/senyes-d-identitat-retrats-de-dones\">l\u2019exposici\u00f3<\/a>.<\/p>\n<p><img loading=\"lazy\" decoding=\"async\" class=\"alignnone size-full wp-image-1179\" src=\"https:\/\/www.fmirobcn.org\/blog\/wp-content\/uploads\/2019\/01\/12_1545382730_a475380.jpg\" alt=\"\" width=\"475\" height=\"380\" srcset=\"https:\/\/www.fmirobcn.org\/blog\/wp-content\/uploads\/2019\/01\/12_1545382730_a475380.jpg 475w, https:\/\/www.fmirobcn.org\/blog\/wp-content\/uploads\/2019\/01\/12_1545382730_a475380-300x240.jpg 300w, https:\/\/www.fmirobcn.org\/blog\/wp-content\/uploads\/2019\/01\/12_1545382730_a475380-375x300.jpg 375w\" sizes=\"auto, (max-width: 475px) 100vw, 475px\" \/><\/p>\n<p>Alegria, companyonia, les ganes que arribi el dia en qu\u00e8 hi ha taller, la il\u00b7lusi\u00f3 que no acabi mai aquesta bonica experi\u00e8ncia\u2026 s\u00f3n algunes de les moltes viv\u00e8ncies que hem tingut. I encara que tot t\u00e9 principi i final, ens queda una llavor fruct\u00edfera d\u2019una cosa tan bella com ha estat enamorar-nos d\u2019una c\u00e0mera fotogr\u00e0fica. I aix\u00f2 ja no t\u00e9 marxa enrere.<\/p>\n<p>Esperem que moltes dones puguin viure l\u2019experi\u00e8ncia d\u2019aquest taller, que ha deixat una petjada indeleble i per a tota la vida en les que hi hem participat.<\/p>\n<p><img loading=\"lazy\" decoding=\"async\" class=\"alignnone size-full wp-image-1180\" src=\"https:\/\/www.fmirobcn.org\/blog\/wp-content\/uploads\/2019\/01\/01okSUBSTITUIR.jpg\" alt=\"\" width=\"710\" height=\"448\" srcset=\"https:\/\/www.fmirobcn.org\/blog\/wp-content\/uploads\/2019\/01\/01okSUBSTITUIR.jpg 710w, https:\/\/www.fmirobcn.org\/blog\/wp-content\/uploads\/2019\/01\/01okSUBSTITUIR-300x189.jpg 300w, https:\/\/www.fmirobcn.org\/blog\/wp-content\/uploads\/2019\/01\/01okSUBSTITUIR-533x336.jpg 533w\" sizes=\"auto, (max-width: 710px) 100vw, 710px\" \/><\/p>\n","protected":false},"excerpt":{"rendered":"<p>La mirada des d\u2019una c\u00e0mera fotogr\u00e0fica resulta alliberadora i \u00e9s una meravella com a eina creativa i com a vector per explicar viv\u00e8ncies i expressar sentiments. \u00c9s molt curi\u00f3s que quan agafes la c\u00e0mera pots apropar i allunyar l\u2019objectiu, met\u00e0fora d\u2019endinsar-te en el teu \u00e9sser, per\u00f2 alhora de prendre dist\u00e0ncia de les teves preocupacions, cosa &hellip; <a href=\"https:\/\/www.fmirobcn.org\/blog\/2019\/01\/17\/nomes-mirades-dones-resilients\/\" class=\"more-link\">Continua llegint <span class=\"screen-reader-text\">Nom\u00e9s s\u00ed \u00e9s s\u00ed. Mirades de dones resilients<\/span><\/a><\/p>\n","protected":false},"author":39,"featured_media":1176,"comment_status":"closed","ping_status":"closed","sticky":false,"template":"","format":"standard","meta":{"_acf_changed":false,"footnotes":""},"categories":[92,319,112],"tags":[307,320],"class_list":["post-1173","post","type-post","status-publish","format-standard","has-post-thumbnail","hentry","category-exposicions","category-fotografia","category-projecte-en-collaboracio","tag-cicatrius","tag-lee-miller"],"acf":[],"yoast_head":"<!-- This site is optimized with the Yoast SEO plugin v26.1 - https:\/\/yoast.com\/wordpress\/plugins\/seo\/ -->\n<title>Nom\u00e9s s\u00ed \u00e9s s\u00ed. Mirades de dones resilients - Blog Fundaci\u00f3 Joan Mir\u00f3<\/title>\n<meta name=\"robots\" content=\"index, follow, max-snippet:-1, max-image-preview:large, max-video-preview:-1\" \/>\n<link rel=\"canonical\" href=\"https:\/\/www.fmirobcn.org\/blog\/2019\/01\/17\/nomes-mirades-dones-resilients\/\" \/>\n<meta property=\"og:locale\" content=\"ca_ES\" \/>\n<meta property=\"og:type\" content=\"article\" \/>\n<meta property=\"og:title\" content=\"Nom\u00e9s s\u00ed \u00e9s s\u00ed. Mirades de dones resilients - Blog Fundaci\u00f3 Joan Mir\u00f3\" \/>\n<meta property=\"og:description\" content=\"La mirada des d\u2019una c\u00e0mera fotogr\u00e0fica resulta alliberadora i \u00e9s una meravella com a eina creativa i com a vector per explicar viv\u00e8ncies i expressar sentiments. \u00c9s molt curi\u00f3s que quan agafes la c\u00e0mera pots apropar i allunyar l\u2019objectiu, met\u00e0fora d\u2019endinsar-te en el teu \u00e9sser, per\u00f2 alhora de prendre dist\u00e0ncia de les teves preocupacions, cosa &hellip; Continua llegint Nom\u00e9s s\u00ed \u00e9s s\u00ed. Mirades de dones resilients\" \/>\n<meta property=\"og:url\" content=\"https:\/\/www.fmirobcn.org\/blog\/2019\/01\/17\/nomes-mirades-dones-resilients\/\" \/>\n<meta property=\"og:site_name\" content=\"Blog Fundaci\u00f3 Joan Mir\u00f3\" \/>\n<meta property=\"article:published_time\" content=\"2019-01-17T11:27:33+00:00\" \/>\n<meta property=\"article:modified_time\" content=\"2024-03-14T09:16:03+00:00\" \/>\n<meta property=\"og:image\" content=\"https:\/\/www.fmirobcn.org\/blog\/wp-content\/uploads\/2019\/01\/PB068168.jpg\" \/>\n\t<meta property=\"og:image:width\" content=\"710\" \/>\n\t<meta property=\"og:image:height\" content=\"533\" \/>\n\t<meta property=\"og:image:type\" content=\"image\/jpeg\" \/>\n<meta name=\"author\" content=\"H\u00e8lia Dones\" \/>\n<meta name=\"twitter:card\" content=\"summary_large_image\" \/>\n<meta name=\"twitter:label1\" content=\"Escrit per\" \/>\n\t<meta name=\"twitter:data1\" content=\"H\u00e8lia Dones\" \/>\n\t<meta name=\"twitter:label2\" content=\"Temps estimat de lectura\" \/>\n\t<meta name=\"twitter:data2\" content=\"5 minuts\" \/>\n<script type=\"application\/ld+json\" class=\"yoast-schema-graph\">{\"@context\":\"https:\/\/schema.org\",\"@graph\":[{\"@type\":\"WebPage\",\"@id\":\"https:\/\/www.fmirobcn.org\/blog\/2019\/01\/17\/nomes-mirades-dones-resilients\/\",\"url\":\"https:\/\/www.fmirobcn.org\/blog\/2019\/01\/17\/nomes-mirades-dones-resilients\/\",\"name\":\"Nom\u00e9s s\u00ed \u00e9s s\u00ed. Mirades de dones resilients - Blog Fundaci\u00f3 Joan Mir\u00f3\",\"isPartOf\":{\"@id\":\"https:\/\/www.fmirobcn.org\/blog\/#website\"},\"primaryImageOfPage\":{\"@id\":\"https:\/\/www.fmirobcn.org\/blog\/2019\/01\/17\/nomes-mirades-dones-resilients\/#primaryimage\"},\"image\":{\"@id\":\"https:\/\/www.fmirobcn.org\/blog\/2019\/01\/17\/nomes-mirades-dones-resilients\/#primaryimage\"},\"thumbnailUrl\":\"https:\/\/www.fmirobcn.org\/blog\/wp-content\/uploads\/2019\/01\/PB068168.jpg\",\"datePublished\":\"2019-01-17T11:27:33+00:00\",\"dateModified\":\"2024-03-14T09:16:03+00:00\",\"author\":{\"@id\":\"https:\/\/www.fmirobcn.org\/blog\/#\/schema\/person\/559fea6f40acfaf32492475d6ff86906\"},\"breadcrumb\":{\"@id\":\"https:\/\/www.fmirobcn.org\/blog\/2019\/01\/17\/nomes-mirades-dones-resilients\/#breadcrumb\"},\"inLanguage\":\"ca\",\"potentialAction\":[{\"@type\":\"ReadAction\",\"target\":[\"https:\/\/www.fmirobcn.org\/blog\/2019\/01\/17\/nomes-mirades-dones-resilients\/\"]}]},{\"@type\":\"ImageObject\",\"inLanguage\":\"ca\",\"@id\":\"https:\/\/www.fmirobcn.org\/blog\/2019\/01\/17\/nomes-mirades-dones-resilients\/#primaryimage\",\"url\":\"https:\/\/www.fmirobcn.org\/blog\/wp-content\/uploads\/2019\/01\/PB068168.jpg\",\"contentUrl\":\"https:\/\/www.fmirobcn.org\/blog\/wp-content\/uploads\/2019\/01\/PB068168.jpg\",\"width\":710,\"height\":533,\"caption\":\"OLYMPUS DIGITAL CAMERA\"},{\"@type\":\"BreadcrumbList\",\"@id\":\"https:\/\/www.fmirobcn.org\/blog\/2019\/01\/17\/nomes-mirades-dones-resilients\/#breadcrumb\",\"itemListElement\":[{\"@type\":\"ListItem\",\"position\":1,\"name\":\"Inici\",\"item\":\"https:\/\/www.fmirobcn.org\/blog\/\"},{\"@type\":\"ListItem\",\"position\":2,\"name\":\"Nom\u00e9s s\u00ed \u00e9s s\u00ed. Mirades de dones resilients\"}]},{\"@type\":\"WebSite\",\"@id\":\"https:\/\/www.fmirobcn.org\/blog\/#website\",\"url\":\"https:\/\/www.fmirobcn.org\/blog\/\",\"name\":\"Blog Fundaci\u00f3 Joan Mir\u00f3\",\"description\":\"El blog de la Fundaci\u00f3 Joan Mir\u00f3 acull diverses veus que estiren els fils tem\u00e0tics de l\u2019activitat de la Fundaci\u00f3, tot expandint-ne els continguts i generant nous punts de vista sobre la creaci\u00f3, sobre Mir\u00f3 o sobre els temes relacionats amb les exposicions.\",\"potentialAction\":[{\"@type\":\"SearchAction\",\"target\":{\"@type\":\"EntryPoint\",\"urlTemplate\":\"https:\/\/www.fmirobcn.org\/blog\/?s={search_term_string}\"},\"query-input\":{\"@type\":\"PropertyValueSpecification\",\"valueRequired\":true,\"valueName\":\"search_term_string\"}}],\"inLanguage\":\"ca\"},{\"@type\":\"Person\",\"@id\":\"https:\/\/www.fmirobcn.org\/blog\/#\/schema\/person\/559fea6f40acfaf32492475d6ff86906\",\"name\":\"H\u00e8lia Dones\",\"url\":\"https:\/\/www.fmirobcn.org\/blog\/author\/helia-dones\/\"}]}<\/script>\n<!-- \/ Yoast SEO plugin. -->","yoast_head_json":{"title":"Nom\u00e9s s\u00ed \u00e9s s\u00ed. Mirades de dones resilients - Blog Fundaci\u00f3 Joan Mir\u00f3","robots":{"index":"index","follow":"follow","max-snippet":"max-snippet:-1","max-image-preview":"max-image-preview:large","max-video-preview":"max-video-preview:-1"},"canonical":"https:\/\/www.fmirobcn.org\/blog\/2019\/01\/17\/nomes-mirades-dones-resilients\/","og_locale":"ca_ES","og_type":"article","og_title":"Nom\u00e9s s\u00ed \u00e9s s\u00ed. Mirades de dones resilients - Blog Fundaci\u00f3 Joan Mir\u00f3","og_description":"La mirada des d\u2019una c\u00e0mera fotogr\u00e0fica resulta alliberadora i \u00e9s una meravella com a eina creativa i com a vector per explicar viv\u00e8ncies i expressar sentiments. \u00c9s molt curi\u00f3s que quan agafes la c\u00e0mera pots apropar i allunyar l\u2019objectiu, met\u00e0fora d\u2019endinsar-te en el teu \u00e9sser, per\u00f2 alhora de prendre dist\u00e0ncia de les teves preocupacions, cosa &hellip; Continua llegint Nom\u00e9s s\u00ed \u00e9s s\u00ed. Mirades de dones resilients","og_url":"https:\/\/www.fmirobcn.org\/blog\/2019\/01\/17\/nomes-mirades-dones-resilients\/","og_site_name":"Blog Fundaci\u00f3 Joan Mir\u00f3","article_published_time":"2019-01-17T11:27:33+00:00","article_modified_time":"2024-03-14T09:16:03+00:00","og_image":[{"width":710,"height":533,"url":"https:\/\/www.fmirobcn.org\/blog\/wp-content\/uploads\/2019\/01\/PB068168.jpg","type":"image\/jpeg"}],"author":"H\u00e8lia Dones","twitter_card":"summary_large_image","twitter_misc":{"Escrit per":"H\u00e8lia Dones","Temps estimat de lectura":"5 minuts"},"schema":{"@context":"https:\/\/schema.org","@graph":[{"@type":"WebPage","@id":"https:\/\/www.fmirobcn.org\/blog\/2019\/01\/17\/nomes-mirades-dones-resilients\/","url":"https:\/\/www.fmirobcn.org\/blog\/2019\/01\/17\/nomes-mirades-dones-resilients\/","name":"Nom\u00e9s s\u00ed \u00e9s s\u00ed. Mirades de dones resilients - Blog Fundaci\u00f3 Joan Mir\u00f3","isPartOf":{"@id":"https:\/\/www.fmirobcn.org\/blog\/#website"},"primaryImageOfPage":{"@id":"https:\/\/www.fmirobcn.org\/blog\/2019\/01\/17\/nomes-mirades-dones-resilients\/#primaryimage"},"image":{"@id":"https:\/\/www.fmirobcn.org\/blog\/2019\/01\/17\/nomes-mirades-dones-resilients\/#primaryimage"},"thumbnailUrl":"https:\/\/www.fmirobcn.org\/blog\/wp-content\/uploads\/2019\/01\/PB068168.jpg","datePublished":"2019-01-17T11:27:33+00:00","dateModified":"2024-03-14T09:16:03+00:00","author":{"@id":"https:\/\/www.fmirobcn.org\/blog\/#\/schema\/person\/559fea6f40acfaf32492475d6ff86906"},"breadcrumb":{"@id":"https:\/\/www.fmirobcn.org\/blog\/2019\/01\/17\/nomes-mirades-dones-resilients\/#breadcrumb"},"inLanguage":"ca","potentialAction":[{"@type":"ReadAction","target":["https:\/\/www.fmirobcn.org\/blog\/2019\/01\/17\/nomes-mirades-dones-resilients\/"]}]},{"@type":"ImageObject","inLanguage":"ca","@id":"https:\/\/www.fmirobcn.org\/blog\/2019\/01\/17\/nomes-mirades-dones-resilients\/#primaryimage","url":"https:\/\/www.fmirobcn.org\/blog\/wp-content\/uploads\/2019\/01\/PB068168.jpg","contentUrl":"https:\/\/www.fmirobcn.org\/blog\/wp-content\/uploads\/2019\/01\/PB068168.jpg","width":710,"height":533,"caption":"OLYMPUS DIGITAL CAMERA"},{"@type":"BreadcrumbList","@id":"https:\/\/www.fmirobcn.org\/blog\/2019\/01\/17\/nomes-mirades-dones-resilients\/#breadcrumb","itemListElement":[{"@type":"ListItem","position":1,"name":"Inici","item":"https:\/\/www.fmirobcn.org\/blog\/"},{"@type":"ListItem","position":2,"name":"Nom\u00e9s s\u00ed \u00e9s s\u00ed. Mirades de dones resilients"}]},{"@type":"WebSite","@id":"https:\/\/www.fmirobcn.org\/blog\/#website","url":"https:\/\/www.fmirobcn.org\/blog\/","name":"Blog Fundaci\u00f3 Joan Mir\u00f3","description":"El blog de la Fundaci\u00f3 Joan Mir\u00f3 acull diverses veus que estiren els fils tem\u00e0tics de l\u2019activitat de la Fundaci\u00f3, tot expandint-ne els continguts i generant nous punts de vista sobre la creaci\u00f3, sobre Mir\u00f3 o sobre els temes relacionats amb les exposicions.","potentialAction":[{"@type":"SearchAction","target":{"@type":"EntryPoint","urlTemplate":"https:\/\/www.fmirobcn.org\/blog\/?s={search_term_string}"},"query-input":{"@type":"PropertyValueSpecification","valueRequired":true,"valueName":"search_term_string"}}],"inLanguage":"ca"},{"@type":"Person","@id":"https:\/\/www.fmirobcn.org\/blog\/#\/schema\/person\/559fea6f40acfaf32492475d6ff86906","name":"H\u00e8lia Dones","url":"https:\/\/www.fmirobcn.org\/blog\/author\/helia-dones\/"}]}},"_links":{"self":[{"href":"https:\/\/www.fmirobcn.org\/blog\/wp-json\/wp\/v2\/posts\/1173","targetHints":{"allow":["GET"]}}],"collection":[{"href":"https:\/\/www.fmirobcn.org\/blog\/wp-json\/wp\/v2\/posts"}],"about":[{"href":"https:\/\/www.fmirobcn.org\/blog\/wp-json\/wp\/v2\/types\/post"}],"author":[{"embeddable":true,"href":"https:\/\/www.fmirobcn.org\/blog\/wp-json\/wp\/v2\/users\/39"}],"replies":[{"embeddable":true,"href":"https:\/\/www.fmirobcn.org\/blog\/wp-json\/wp\/v2\/comments?post=1173"}],"version-history":[{"count":11,"href":"https:\/\/www.fmirobcn.org\/blog\/wp-json\/wp\/v2\/posts\/1173\/revisions"}],"predecessor-version":[{"id":1202,"href":"https:\/\/www.fmirobcn.org\/blog\/wp-json\/wp\/v2\/posts\/1173\/revisions\/1202"}],"wp:featuredmedia":[{"embeddable":true,"href":"https:\/\/www.fmirobcn.org\/blog\/wp-json\/wp\/v2\/media\/1176"}],"wp:attachment":[{"href":"https:\/\/www.fmirobcn.org\/blog\/wp-json\/wp\/v2\/media?parent=1173"}],"wp:term":[{"taxonomy":"category","embeddable":true,"href":"https:\/\/www.fmirobcn.org\/blog\/wp-json\/wp\/v2\/categories?post=1173"},{"taxonomy":"post_tag","embeddable":true,"href":"https:\/\/www.fmirobcn.org\/blog\/wp-json\/wp\/v2\/tags?post=1173"}],"curies":[{"name":"wp","href":"https:\/\/api.w.org\/{rel}","templated":true}]}}