{"id":134,"date":"2016-11-03T08:25:53","date_gmt":"2016-11-03T08:25:53","guid":{"rendered":"http:\/\/www.fmirobcn.org\/blog\/?p=134"},"modified":"2024-03-14T10:17:00","modified_gmt":"2024-03-14T09:17:00","slug":"boci-fil-pot-desfermar-mon","status":"publish","type":"post","link":"https:\/\/www.fmirobcn.org\/blog\/2016\/11\/03\/boci-fil-pot-desfermar-mon\/","title":{"rendered":"Un boc\u00ed de fil pot desfermar un m\u00f3n"},"content":{"rendered":"<p>\u00abUn boc\u00ed de fil pot desfermar un m\u00f3n\u00bb,<sup><a href=\"#_ftn1\" name=\"_ftnref1\">[1]<\/a><\/sup> deia Mir\u00f3 per expressar que una taca, un esquitx, un punt en un paper podien desencadenar tot un univers creatiu.<\/p>\n<p>Al blog que inaugurem avui, voldr\u00edem tamb\u00e9 que un concepte fos el punt de partida per anar m\u00e9s enll\u00e0 i obrir nous temes que enriqueixin i complementin els continguts originaris.<\/p>\n<p>Mir\u00f3 va crear el dibuix preparatori de <em>Pintura (El naixement del m\u00f3n)<\/em> l\u2019any 1925 en un dels seus quaderns. A partir d\u2019aquest dibuix, l\u2019artista en crea d\u2019altres aprofitant les empremtes deixades a les planes seg\u00fcents del quadern, que al seu torn donaran pas a noves obres. L\u2019obra final resultant d\u2019aquest dibuix forma part d\u2019un conjunt d\u2019obres anomenades <em>Pintura<\/em> amb fons monocroms molt treballats. En el cas de <a href=\"https:\/\/www.moma.org\/collection\/works\/79321\"><em>Pintura (El naixement del m\u00f3n)<\/em><\/a>, el fons mostra taques d\u2019impregnaci\u00f3 amb regalims de pintura en diverses direccions deguts probablement al canvi de posici\u00f3 de la tela amb la pintura encara humida. Damunt d\u2019aquest fons treballat Mir\u00f3 hi col\u00b7loca unes figures planes que responen a les que ja apareixen al dibuix preparatori.<\/p>\n<p>Tres dibuixos m\u00e9s segueixen aquest primer, cadascun d\u2019ells creat a partir de les marques sobre el paper que ha deixat el tra\u00e7 en llapis del dibuix anterior, deixant que l\u2019atzar intervingui en el resultat de l\u2019obra. Amb les formes i els signes que crea Mir\u00f3 a cada plana sembla com si volgu\u00e9s desprendre\u2019s de tots els convencionalismes i obrir-se a un nou llenguatge.<\/p>\n<p><img loading=\"lazy\" decoding=\"async\" class=\"alignnone size-large wp-image-225\" src=\"http:\/\/www.fmirobcn.org\/blog\/wp-content\/uploads\/2016\/11\/dibuixos-preparatoris-conjunt-1024x324.jpg\" alt=\"dibuixos-preparatoris-conjunt\" width=\"800\" height=\"253\" srcset=\"https:\/\/www.fmirobcn.org\/blog\/wp-content\/uploads\/2016\/11\/dibuixos-preparatoris-conjunt-1024x324.jpg 1024w, https:\/\/www.fmirobcn.org\/blog\/wp-content\/uploads\/2016\/11\/dibuixos-preparatoris-conjunt-300x95.jpg 300w, https:\/\/www.fmirobcn.org\/blog\/wp-content\/uploads\/2016\/11\/dibuixos-preparatoris-conjunt-768x243.jpg 768w, https:\/\/www.fmirobcn.org\/blog\/wp-content\/uploads\/2016\/11\/dibuixos-preparatoris-conjunt-800x253.jpg 800w, https:\/\/www.fmirobcn.org\/blog\/wp-content\/uploads\/2016\/11\/dibuixos-preparatoris-conjunt-533x169.jpg 533w, https:\/\/www.fmirobcn.org\/blog\/wp-content\/uploads\/2016\/11\/dibuixos-preparatoris-conjunt.jpg 2000w\" sizes=\"auto, (max-width: 800px) 100vw, 800px\" \/><\/p>\n<p class=\"peu-foto\">Dibuixos preparatoris del conjunt d&#8217;obres anomenades <em>Pintura<\/em>. Joan Mir\u00f3, 1925<\/p>\n<p>Una marca de llapis damunt del paper desferma un seguit de formes noves que en alguns casos germinaran i esdevindran nous projectes. Aix\u00ed, les activitats i els projectes que tenen lloc a la Fundaci\u00f3 seran el punt de partida inspirador dels diferents autors que tindran veu en aquest blog i que oferiran noves perspectives sobre cada tema des d\u2019una \u00f2ptica personal.<\/p>\n<p>Cada article contindr\u00e0, en ess\u00e8ncia, el tema originari. Seran textos suggeridors, que ens portaran a llocs nous, de la mateixa manera que quan Mir\u00f3 mirava una obra deia: \u00abEl quadre ha de ser fecund. Ha de fer n\u00e9ixer un m\u00f3n\u00bb.<sup><a href=\"#_ftn2\" name=\"_ftnref2\">[2]<\/a><\/sup><\/p>\n<p>&nbsp;<\/p>\n<div class=\"video-container\"><iframe loading=\"lazy\" src=\"https:\/\/player.vimeo.com\/video\/187809912\" width=\"674\" height=\"540\" frameborder=\"0\" title=\"Joan Mir&oacute;, l&#039;home que va capgirar la pintura_Fragment\" webkitallowfullscreen mozallowfullscreen allowfullscreen><\/iframe><\/div>\n<p class=\"peu-foto\">Fragment del film <em>Joan Mir\u00f3, l&#8217;home que va capgirar la pintura<\/em>, una coproducci\u00f3 de TV3, Mallerich Films i Les Fims d&#8217;Ici, dirigida per Yves Peretti (2004).<\/p>\n<p class=\"llegenda\">Nota: Aquest article ha estat escrit per l\u2019equip de redacci\u00f3 amb la metodologia del <a href=\"https:\/\/gathercontent.com\/blog\/use-pair-writing-to-collaborate-with-subject-matter-experts\">pair writing<\/a>, una t\u00e8cnica per crear continguts col\u00b7laborativament.<\/p>\n<p class=\"llegenda\"><sup><a href=\"#_ftnref1\" name=\"_ftn1\">[1]<\/a> | <a href=\"#_ftnref2\" name=\"_ftn2\">[2]<\/a><\/sup> Entrevista de Joan Mir\u00f3 amb Yvon Taillandier (1959), publicada a <em>Mir\u00f3. \u00c9<\/em><em>crits et entretiens<\/em>. Margit Rowell, 1995.<\/p>\n","protected":false},"excerpt":{"rendered":"<p>\u00abUn boc\u00ed de fil pot desfermar un m\u00f3n\u00bb,[1] deia Mir\u00f3 per expressar que una taca, un esquitx, un punt en un paper podien desencadenar tot un univers creatiu. Al blog que inaugurem avui, voldr\u00edem tamb\u00e9 que un concepte fos el punt de partida per anar m\u00e9s enll\u00e0 i obrir nous temes que enriqueixin i complementin &hellip; <a href=\"https:\/\/www.fmirobcn.org\/blog\/2016\/11\/03\/boci-fil-pot-desfermar-mon\/\" class=\"more-link\">Continua llegint <span class=\"screen-reader-text\">Un boc\u00ed de fil pot desfermar un m\u00f3n<\/span><\/a><\/p>\n","protected":false},"author":7,"featured_media":191,"comment_status":"closed","ping_status":"open","sticky":false,"template":"","format":"standard","meta":{"_acf_changed":false,"footnotes":""},"categories":[10,15],"tags":[18,17,16,19],"class_list":["post-134","post","type-post","status-publish","format-standard","has-post-thumbnail","hentry","category-miro","category-proces-de-creacio","tag-arxiu","tag-dibuix-preparatori","tag-pair-writing","tag-quaderns"],"acf":[],"yoast_head":"<!-- This site is optimized with the Yoast SEO plugin v26.1 - https:\/\/yoast.com\/wordpress\/plugins\/seo\/ -->\n<title>Un boc\u00ed de fil pot desfermar un m\u00f3n - Blog Fundaci\u00f3 Joan Mir\u00f3<\/title>\n<meta name=\"robots\" content=\"index, follow, max-snippet:-1, max-image-preview:large, max-video-preview:-1\" \/>\n<link rel=\"canonical\" href=\"https:\/\/www.fmirobcn.org\/blog\/2016\/11\/03\/boci-fil-pot-desfermar-mon\/\" \/>\n<meta property=\"og:locale\" content=\"ca_ES\" \/>\n<meta property=\"og:type\" content=\"article\" \/>\n<meta property=\"og:title\" content=\"Un boc\u00ed de fil pot desfermar un m\u00f3n - Blog Fundaci\u00f3 Joan Mir\u00f3\" \/>\n<meta property=\"og:description\" content=\"\u00abUn boc\u00ed de fil pot desfermar un m\u00f3n\u00bb,[1] deia Mir\u00f3 per expressar que una taca, un esquitx, un punt en un paper podien desencadenar tot un univers creatiu. Al blog que inaugurem avui, voldr\u00edem tamb\u00e9 que un concepte fos el punt de partida per anar m\u00e9s enll\u00e0 i obrir nous temes que enriqueixin i complementin &hellip; Continua llegint Un boc\u00ed de fil pot desfermar un m\u00f3n\" \/>\n<meta property=\"og:url\" content=\"https:\/\/www.fmirobcn.org\/blog\/2016\/11\/03\/boci-fil-pot-desfermar-mon\/\" \/>\n<meta property=\"og:site_name\" content=\"Blog Fundaci\u00f3 Joan Mir\u00f3\" \/>\n<meta property=\"article:published_time\" content=\"2016-11-03T08:25:53+00:00\" \/>\n<meta property=\"article:modified_time\" content=\"2024-03-14T09:17:00+00:00\" \/>\n<meta property=\"og:image\" content=\"https:\/\/www.fmirobcn.org\/blog\/wp-content\/uploads\/2016\/10\/701.jpg\" \/>\n\t<meta property=\"og:image:width\" content=\"1348\" \/>\n\t<meta property=\"og:image:height\" content=\"1694\" \/>\n\t<meta property=\"og:image:type\" content=\"image\/jpeg\" \/>\n<meta name=\"author\" content=\"Equip de redacci\u00f3\" \/>\n<meta name=\"twitter:card\" content=\"summary_large_image\" \/>\n<meta name=\"twitter:label1\" content=\"Escrit per\" \/>\n\t<meta name=\"twitter:data1\" content=\"Equip de redacci\u00f3\" \/>\n\t<meta name=\"twitter:label2\" content=\"Temps estimat de lectura\" \/>\n\t<meta name=\"twitter:data2\" content=\"2 minuts\" \/>\n<script type=\"application\/ld+json\" class=\"yoast-schema-graph\">{\"@context\":\"https:\/\/schema.org\",\"@graph\":[{\"@type\":\"WebPage\",\"@id\":\"https:\/\/www.fmirobcn.org\/blog\/2016\/11\/03\/boci-fil-pot-desfermar-mon\/\",\"url\":\"https:\/\/www.fmirobcn.org\/blog\/2016\/11\/03\/boci-fil-pot-desfermar-mon\/\",\"name\":\"Un boc\u00ed de fil pot desfermar un m\u00f3n - Blog Fundaci\u00f3 Joan Mir\u00f3\",\"isPartOf\":{\"@id\":\"https:\/\/www.fmirobcn.org\/blog\/#website\"},\"primaryImageOfPage\":{\"@id\":\"https:\/\/www.fmirobcn.org\/blog\/2016\/11\/03\/boci-fil-pot-desfermar-mon\/#primaryimage\"},\"image\":{\"@id\":\"https:\/\/www.fmirobcn.org\/blog\/2016\/11\/03\/boci-fil-pot-desfermar-mon\/#primaryimage\"},\"thumbnailUrl\":\"https:\/\/www.fmirobcn.org\/blog\/wp-content\/uploads\/2016\/10\/701.jpg\",\"datePublished\":\"2016-11-03T08:25:53+00:00\",\"dateModified\":\"2024-03-14T09:17:00+00:00\",\"author\":{\"@id\":\"https:\/\/www.fmirobcn.org\/blog\/#\/schema\/person\/927bcab4780baaf97f5e9bd067cc9ebd\"},\"breadcrumb\":{\"@id\":\"https:\/\/www.fmirobcn.org\/blog\/2016\/11\/03\/boci-fil-pot-desfermar-mon\/#breadcrumb\"},\"inLanguage\":\"ca\",\"potentialAction\":[{\"@type\":\"ReadAction\",\"target\":[\"https:\/\/www.fmirobcn.org\/blog\/2016\/11\/03\/boci-fil-pot-desfermar-mon\/\"]}]},{\"@type\":\"ImageObject\",\"inLanguage\":\"ca\",\"@id\":\"https:\/\/www.fmirobcn.org\/blog\/2016\/11\/03\/boci-fil-pot-desfermar-mon\/#primaryimage\",\"url\":\"https:\/\/www.fmirobcn.org\/blog\/wp-content\/uploads\/2016\/10\/701.jpg\",\"contentUrl\":\"https:\/\/www.fmirobcn.org\/blog\/wp-content\/uploads\/2016\/10\/701.jpg\",\"width\":1348,\"height\":1694},{\"@type\":\"BreadcrumbList\",\"@id\":\"https:\/\/www.fmirobcn.org\/blog\/2016\/11\/03\/boci-fil-pot-desfermar-mon\/#breadcrumb\",\"itemListElement\":[{\"@type\":\"ListItem\",\"position\":1,\"name\":\"Inici\",\"item\":\"https:\/\/www.fmirobcn.org\/blog\/\"},{\"@type\":\"ListItem\",\"position\":2,\"name\":\"Un boc\u00ed de fil pot desfermar un m\u00f3n\"}]},{\"@type\":\"WebSite\",\"@id\":\"https:\/\/www.fmirobcn.org\/blog\/#website\",\"url\":\"https:\/\/www.fmirobcn.org\/blog\/\",\"name\":\"Blog Fundaci\u00f3 Joan Mir\u00f3\",\"description\":\"El blog de la Fundaci\u00f3 Joan Mir\u00f3 acull diverses veus que estiren els fils tem\u00e0tics de l\u2019activitat de la Fundaci\u00f3, tot expandint-ne els continguts i generant nous punts de vista sobre la creaci\u00f3, sobre Mir\u00f3 o sobre els temes relacionats amb les exposicions.\",\"potentialAction\":[{\"@type\":\"SearchAction\",\"target\":{\"@type\":\"EntryPoint\",\"urlTemplate\":\"https:\/\/www.fmirobcn.org\/blog\/?s={search_term_string}\"},\"query-input\":{\"@type\":\"PropertyValueSpecification\",\"valueRequired\":true,\"valueName\":\"search_term_string\"}}],\"inLanguage\":\"ca\"},{\"@type\":\"Person\",\"@id\":\"https:\/\/www.fmirobcn.org\/blog\/#\/schema\/person\/927bcab4780baaf97f5e9bd067cc9ebd\",\"name\":\"Equip de redacci\u00f3\",\"url\":\"https:\/\/www.fmirobcn.org\/blog\/author\/equip-fundacio-miro\/\"}]}<\/script>\n<!-- \/ Yoast SEO plugin. -->","yoast_head_json":{"title":"Un boc\u00ed de fil pot desfermar un m\u00f3n - Blog Fundaci\u00f3 Joan Mir\u00f3","robots":{"index":"index","follow":"follow","max-snippet":"max-snippet:-1","max-image-preview":"max-image-preview:large","max-video-preview":"max-video-preview:-1"},"canonical":"https:\/\/www.fmirobcn.org\/blog\/2016\/11\/03\/boci-fil-pot-desfermar-mon\/","og_locale":"ca_ES","og_type":"article","og_title":"Un boc\u00ed de fil pot desfermar un m\u00f3n - Blog Fundaci\u00f3 Joan Mir\u00f3","og_description":"\u00abUn boc\u00ed de fil pot desfermar un m\u00f3n\u00bb,[1] deia Mir\u00f3 per expressar que una taca, un esquitx, un punt en un paper podien desencadenar tot un univers creatiu. Al blog que inaugurem avui, voldr\u00edem tamb\u00e9 que un concepte fos el punt de partida per anar m\u00e9s enll\u00e0 i obrir nous temes que enriqueixin i complementin &hellip; Continua llegint Un boc\u00ed de fil pot desfermar un m\u00f3n","og_url":"https:\/\/www.fmirobcn.org\/blog\/2016\/11\/03\/boci-fil-pot-desfermar-mon\/","og_site_name":"Blog Fundaci\u00f3 Joan Mir\u00f3","article_published_time":"2016-11-03T08:25:53+00:00","article_modified_time":"2024-03-14T09:17:00+00:00","og_image":[{"width":1348,"height":1694,"url":"https:\/\/www.fmirobcn.org\/blog\/wp-content\/uploads\/2016\/10\/701.jpg","type":"image\/jpeg"}],"author":"Equip de redacci\u00f3","twitter_card":"summary_large_image","twitter_misc":{"Escrit per":"Equip de redacci\u00f3","Temps estimat de lectura":"2 minuts"},"schema":{"@context":"https:\/\/schema.org","@graph":[{"@type":"WebPage","@id":"https:\/\/www.fmirobcn.org\/blog\/2016\/11\/03\/boci-fil-pot-desfermar-mon\/","url":"https:\/\/www.fmirobcn.org\/blog\/2016\/11\/03\/boci-fil-pot-desfermar-mon\/","name":"Un boc\u00ed de fil pot desfermar un m\u00f3n - Blog Fundaci\u00f3 Joan Mir\u00f3","isPartOf":{"@id":"https:\/\/www.fmirobcn.org\/blog\/#website"},"primaryImageOfPage":{"@id":"https:\/\/www.fmirobcn.org\/blog\/2016\/11\/03\/boci-fil-pot-desfermar-mon\/#primaryimage"},"image":{"@id":"https:\/\/www.fmirobcn.org\/blog\/2016\/11\/03\/boci-fil-pot-desfermar-mon\/#primaryimage"},"thumbnailUrl":"https:\/\/www.fmirobcn.org\/blog\/wp-content\/uploads\/2016\/10\/701.jpg","datePublished":"2016-11-03T08:25:53+00:00","dateModified":"2024-03-14T09:17:00+00:00","author":{"@id":"https:\/\/www.fmirobcn.org\/blog\/#\/schema\/person\/927bcab4780baaf97f5e9bd067cc9ebd"},"breadcrumb":{"@id":"https:\/\/www.fmirobcn.org\/blog\/2016\/11\/03\/boci-fil-pot-desfermar-mon\/#breadcrumb"},"inLanguage":"ca","potentialAction":[{"@type":"ReadAction","target":["https:\/\/www.fmirobcn.org\/blog\/2016\/11\/03\/boci-fil-pot-desfermar-mon\/"]}]},{"@type":"ImageObject","inLanguage":"ca","@id":"https:\/\/www.fmirobcn.org\/blog\/2016\/11\/03\/boci-fil-pot-desfermar-mon\/#primaryimage","url":"https:\/\/www.fmirobcn.org\/blog\/wp-content\/uploads\/2016\/10\/701.jpg","contentUrl":"https:\/\/www.fmirobcn.org\/blog\/wp-content\/uploads\/2016\/10\/701.jpg","width":1348,"height":1694},{"@type":"BreadcrumbList","@id":"https:\/\/www.fmirobcn.org\/blog\/2016\/11\/03\/boci-fil-pot-desfermar-mon\/#breadcrumb","itemListElement":[{"@type":"ListItem","position":1,"name":"Inici","item":"https:\/\/www.fmirobcn.org\/blog\/"},{"@type":"ListItem","position":2,"name":"Un boc\u00ed de fil pot desfermar un m\u00f3n"}]},{"@type":"WebSite","@id":"https:\/\/www.fmirobcn.org\/blog\/#website","url":"https:\/\/www.fmirobcn.org\/blog\/","name":"Blog Fundaci\u00f3 Joan Mir\u00f3","description":"El blog de la Fundaci\u00f3 Joan Mir\u00f3 acull diverses veus que estiren els fils tem\u00e0tics de l\u2019activitat de la Fundaci\u00f3, tot expandint-ne els continguts i generant nous punts de vista sobre la creaci\u00f3, sobre Mir\u00f3 o sobre els temes relacionats amb les exposicions.","potentialAction":[{"@type":"SearchAction","target":{"@type":"EntryPoint","urlTemplate":"https:\/\/www.fmirobcn.org\/blog\/?s={search_term_string}"},"query-input":{"@type":"PropertyValueSpecification","valueRequired":true,"valueName":"search_term_string"}}],"inLanguage":"ca"},{"@type":"Person","@id":"https:\/\/www.fmirobcn.org\/blog\/#\/schema\/person\/927bcab4780baaf97f5e9bd067cc9ebd","name":"Equip de redacci\u00f3","url":"https:\/\/www.fmirobcn.org\/blog\/author\/equip-fundacio-miro\/"}]}},"_links":{"self":[{"href":"https:\/\/www.fmirobcn.org\/blog\/wp-json\/wp\/v2\/posts\/134","targetHints":{"allow":["GET"]}}],"collection":[{"href":"https:\/\/www.fmirobcn.org\/blog\/wp-json\/wp\/v2\/posts"}],"about":[{"href":"https:\/\/www.fmirobcn.org\/blog\/wp-json\/wp\/v2\/types\/post"}],"author":[{"embeddable":true,"href":"https:\/\/www.fmirobcn.org\/blog\/wp-json\/wp\/v2\/users\/7"}],"replies":[{"embeddable":true,"href":"https:\/\/www.fmirobcn.org\/blog\/wp-json\/wp\/v2\/comments?post=134"}],"version-history":[{"count":30,"href":"https:\/\/www.fmirobcn.org\/blog\/wp-json\/wp\/v2\/posts\/134\/revisions"}],"predecessor-version":[{"id":238,"href":"https:\/\/www.fmirobcn.org\/blog\/wp-json\/wp\/v2\/posts\/134\/revisions\/238"}],"wp:featuredmedia":[{"embeddable":true,"href":"https:\/\/www.fmirobcn.org\/blog\/wp-json\/wp\/v2\/media\/191"}],"wp:attachment":[{"href":"https:\/\/www.fmirobcn.org\/blog\/wp-json\/wp\/v2\/media?parent=134"}],"wp:term":[{"taxonomy":"category","embeddable":true,"href":"https:\/\/www.fmirobcn.org\/blog\/wp-json\/wp\/v2\/categories?post=134"},{"taxonomy":"post_tag","embeddable":true,"href":"https:\/\/www.fmirobcn.org\/blog\/wp-json\/wp\/v2\/tags?post=134"}],"curies":[{"name":"wp","href":"https:\/\/api.w.org\/{rel}","templated":true}]}}