{"id":1647,"date":"2020-09-29T09:32:08","date_gmt":"2020-09-29T08:32:08","guid":{"rendered":"https:\/\/www.fmirobcn.org\/blog\/?p=1647"},"modified":"2024-03-14T10:15:05","modified_gmt":"2024-03-14T09:15:05","slug":"miro-barcelona-barcelona-miro","status":"publish","type":"post","link":"https:\/\/www.fmirobcn.org\/blog\/2020\/09\/29\/miro-barcelona-barcelona-miro\/","title":{"rendered":"De Mir\u00f3 a Barcelona \/ De Barcelona a Mir\u00f3"},"content":{"rendered":"<p>A continuaci\u00f3 reprodu\u00efm un fragment del text \u00abA, B, C, D\u2026: la donaci\u00f3 de Joan Mir\u00f3 a Barcelona\u00bb, de Llu\u00eds Permanyer, publicat a <em>De Mir\u00f3 a Barcelona<\/em>, primer volum de la col\u00b7lecci\u00f3 Mir\u00f3 Documents (ed. Fundaci\u00f3 Joan Mir\u00f3, 2014).<\/p>\n<p>[\u2026] Joan Gaspar em va presentar aix\u00ed [a Joan Mir\u00f3]: \u00abUn jove periodista i un bon barcelon\u00ed\u00bb. Mir\u00f3 em va mirar fixament i va replicar mentre em donava la m\u00e0: \u00abAh, el de les confessions de la vida privada!\u00bb. L\u2019endem\u00e0, el vaig tornar a trobar a la Sala Gaspar i vaig insistir a demanar-li l\u2019entrevista period\u00edstica. Va mantenir la negativa: em va confessar que no volia comprometre\u2019s amb aquelles respostes i que desitjava conservar la llibertat de poder-se contradir. (&#8230;) Aix\u00ed va ser com ens vam con\u00e8ixer. El 1970, en saber que aviat s\u2019inauguraria el <em>Mural de l\u2019Aeroport de Barcelona<\/em> vaig creure que mereixia un ampli reportatge a <em>La Vanguardia<\/em>, a la qual jo havia ingressat com a redactor el 1966. Vaig telefonar Llorens Artigas: volia que m\u2019expliqu\u00e9s els detalls del proc\u00e9s de creaci\u00f3 d\u2019aquella obra gegantina. Mir\u00f3 se\u2019n va assabentar tot seguit i em va fer dir que em volia veure amb urg\u00e8ncia per parlar-ne. No era una situaci\u00f3 gens for\u00e7ada, si tenim en compte la relaci\u00f3, ni que fos breu, que he evocat abans. A m\u00e9s suposo que els Artigas li deurien comentar que jo era de confian\u00e7a\u2026<\/p>\n<p><img loading=\"lazy\" decoding=\"async\" class=\"aligncenter size-full wp-image-1678\" src=\"https:\/\/www.fmirobcn.org\/blog\/wp-content\/uploads\/2020\/09\/composicio\u03014.png\" alt=\"\" width=\"1000\" height=\"381\" srcset=\"https:\/\/www.fmirobcn.org\/blog\/wp-content\/uploads\/2020\/09\/composicio\u03014.png 1000w, https:\/\/www.fmirobcn.org\/blog\/wp-content\/uploads\/2020\/09\/composicio\u03014-300x114.png 300w, https:\/\/www.fmirobcn.org\/blog\/wp-content\/uploads\/2020\/09\/composicio\u03014-768x293.png 768w, https:\/\/www.fmirobcn.org\/blog\/wp-content\/uploads\/2020\/09\/composicio\u03014-800x305.png 800w, https:\/\/www.fmirobcn.org\/blog\/wp-content\/uploads\/2020\/09\/composicio\u03014-533x203.png 533w\" sizes=\"auto, (max-width: 1000px) 100vw, 1000px\" \/><\/p>\n<p class=\"peu-foto\"><span style=\"font-weight: 400;\">Mosaic de benvinguda del Pla de l&#8217;Os, a la Rambla, i mural a l&#8217;Aeroport de Barcelona.<\/span><\/p>\n<p>Mir\u00f3 em va donar for\u00e7a detalls de com s\u2019havia anat gestant el mural, paraules que vaig reproduir en el meu text en forma de conversa. Aix\u00f2 explica que jo tingu\u00e9s la iniciativa natural de demanar-li que don\u00e9s un cop d\u2019ull al text, ja que era el primer article que escrivia sobre Mir\u00f3. Era evident que es tractava d\u2019un tema delicat i jo no volia cometre una equivocaci\u00f3, ni que fos benintencionada. Li vaig enviar el text. Me\u2019l va retornar per correu urgent un parell de dies m\u00e9s tard. Contenia unes correccions breus i hi havia introdu\u00eft algun mat\u00eds m\u00ednim. Em vaig sentir alleugerit. Per\u00f2 hi vaig descobrir una sorpresa que em va deixar bocabadat i que em va emocionar: Mir\u00f3 havia afegit un darrer full que contenia un llarg manuscrit amb tinta vermella i que tenia la qualitat de not\u00edcia de portada. Hi anunciava la donaci\u00f3 que es proposava fer a Barcelona. I amb l\u2019ordre caracter\u00edstic que dominava tots els aspectes de la seva vida, passava a classificar-la: A, B, C i D.<\/p>\n<p><img loading=\"lazy\" decoding=\"async\" class=\"alignnone size-full wp-image-840\" src=\"https:\/\/www.fmirobcn.org\/blog\/wp-content\/uploads\/2020\/09\/FJM14701a.jpg\" alt=\"\" width=\"1076\" height=\"1544\" \/><\/p>\n<p class=\"peu-foto\">Manuscrit de Joan Mir\u00f3 amb tinta vermella anunciant la donaci\u00f3 a Barcelona.<\/p>\n<p>D\u2019una manera molt representativa de la seva manera de fer, ho vestia amb una visi\u00f3 global i transcendent. Detallava com proposava que les obres complissin la missi\u00f3 de donar la benvinguda als qui venien a visitar la ciutat amb els diferents mitjans de transport:<\/p>\n<p>A \u2013 Un mural a l\u2019aeroport per als qui v\u00e9nen per l\u2019aire.<\/p>\n<p>B \u2013 Una escultura de trenta metres al Parc de Cervantes per als qui v\u00e9nen per carretera.<\/p>\n<p>C \u2013 Un paviment a la Rambla per als qui v\u00e9nen per mar.<\/p>\n<p>Va ser una ll\u00e0stima que la potent escultura gegantina no s\u2019arrib\u00e9s a instal\u00b7lar, malgrat que ell va crear l\u2019obra: enriqueix el pati de la Fundaci\u00f3 que s\u2019obre damunt la ciutat.<\/p>\n<p>La lletra D anunciava la creaci\u00f3 del CEAC: Centre d\u2019Estudis d\u2019Art Contemporani. Amb una senzillesa emocionant em va explicar que desitjava que no fos un lloc mort, sin\u00f3 viu: \u00abVull que sigui com aquest bloc. Jo omplir\u00e9 la primera p\u00e0gina i els altres ompliran les seg\u00fcents\u00bb.<\/p>\n<p>El dia que vaig mostrar el reportatge i el comprom\u00eds de Mir\u00f3 a Horacio S\u00e1enz Guerrero, aleshores director de <em>La Vanguardia<\/em>, a l\u2019instant va estar d\u2019acord amb mi que es tractava d\u2019una gran exclusiva. A m\u00e9s, venia com l\u2019anell al dit per a les p\u00e0gines en color que el diari havia incorporat els diumenges des de feia poques setmanes. Era un tema que demanava una il\u00b7lustraci\u00f3 generosa. Va apar\u00e8ixer el 21 de mar\u00e7 de 1971: a m\u00e9s de la portada, omplia dues p\u00e0gines.<br \/>\n<img loading=\"lazy\" decoding=\"async\" class=\"alignnone size-full wp-image-840\" src=\"https:\/\/www.fmirobcn.org\/blog\/wp-content\/uploads\/2020\/09\/lavanguardia1.png\" alt=\"\" width=\"1076\" height=\"1544\" \/><\/p>\n<p class=\"peu-foto\">Portada de <em>La Vanguardia<\/em>, 21 de mar\u00e7 de 1971.<\/p>\n<p>A la portada s\u2019anunciava ja amb lletres grosses la donaci\u00f3 de Mir\u00f3 i a l\u2019interior es reprodu\u00efa la fotografia del text manuscrit sencer. La reacci\u00f3 no es va fer esperar. Manuel de Muga, d\u2019Edicions Pol\u00edgrafa, em va comentar que el meu reportatge, tot i que es considerava impecable i molt positiu, implicava uns compromisos p\u00fablics de l\u2019artista que algunes persones havien titllat d\u2019agosarats i fins i tot de perillosos. No em va voler donar noms. Potser s\u2019havien acostumat que Mir\u00f3 no fes res sense consultar-ho abans amb el seu estimat Joan Prats, amic i confident que havia mort l\u2019any anterior. I per aix\u00f2 els havia agafat per sorpresa aquella decisi\u00f3 tan important, que apareixia de manera inesperada, sense avisar, i que, a m\u00e9s, prenia una projecci\u00f3 tamb\u00e9 inusual. El vehicle de <em>La Vanguardia<\/em>, un diumenge, en color i a la portada, no tenia precedents.<\/p>\n<p>Pel que fa a aquesta q\u00fcesti\u00f3, crec que Mir\u00f3 ho va fer amb tota la intenci\u00f3. Per a ell, apar\u00e8ixer amb aquells honors a <em>La Vanguardia<\/em> significava passar la m\u00e0 per la cara al seu pare, que havia estat subscrit al diari, representaci\u00f3 m\u00e0xima i genu\u00efna de la classe dominant barcelonina. El seu pare mai no l\u2019havia ent\u00e8s com a artista i estava conven\u00e7ut que seria un fracassat. El triomf que a Mir\u00f3 li feia m\u00e9s impressi\u00f3 era el que aconseguia a Barcelona, que tant se li havia resistit. [\u2026]<\/p>\n","protected":false},"excerpt":{"rendered":"<p>A continuaci\u00f3 reprodu\u00efm un fragment del text \u00abA, B, C, D\u2026: la donaci\u00f3 de Joan Mir\u00f3 a Barcelona\u00bb, de Llu\u00eds Permanyer, publicat a De Mir\u00f3 a Barcelona, primer volum de la col\u00b7lecci\u00f3 Mir\u00f3 Documents (ed. Fundaci\u00f3 Joan Mir\u00f3, 2014). [\u2026] Joan Gaspar em va presentar aix\u00ed [a Joan Mir\u00f3]: \u00abUn jove periodista i un bon &hellip; <a href=\"https:\/\/www.fmirobcn.org\/blog\/2020\/09\/29\/miro-barcelona-barcelona-miro\/\" class=\"more-link\">Continua llegint <span class=\"screen-reader-text\">De Mir\u00f3 a Barcelona \/ De Barcelona a Mir\u00f3<\/span><\/a><\/p>\n","protected":false},"author":7,"featured_media":1648,"comment_status":"closed","ping_status":"closed","sticky":false,"template":"","format":"standard","meta":{"_acf_changed":false,"footnotes":""},"categories":[401],"tags":[399,403,400,402],"class_list":["post-1647","post","type-post","status-publish","format-standard","has-post-thumbnail","hentry","category-mirotour","tag-barcelona","tag-itineraris","tag-joan-miro","tag-mirotour"],"acf":[],"yoast_head":"<!-- This site is optimized with the Yoast SEO plugin v26.1 - https:\/\/yoast.com\/wordpress\/plugins\/seo\/ -->\n<title>De Mir\u00f3 a Barcelona \/ De Barcelona a Mir\u00f3 - Blog Fundaci\u00f3 Joan Mir\u00f3<\/title>\n<meta name=\"robots\" content=\"index, follow, max-snippet:-1, max-image-preview:large, max-video-preview:-1\" \/>\n<link rel=\"canonical\" href=\"https:\/\/www.fmirobcn.org\/blog\/2020\/09\/29\/miro-barcelona-barcelona-miro\/\" \/>\n<meta property=\"og:locale\" content=\"ca_ES\" \/>\n<meta property=\"og:type\" content=\"article\" \/>\n<meta property=\"og:title\" content=\"De Mir\u00f3 a Barcelona \/ De Barcelona a Mir\u00f3 - Blog Fundaci\u00f3 Joan Mir\u00f3\" \/>\n<meta property=\"og:description\" content=\"A continuaci\u00f3 reprodu\u00efm un fragment del text \u00abA, B, C, D\u2026: la donaci\u00f3 de Joan Mir\u00f3 a Barcelona\u00bb, de Llu\u00eds Permanyer, publicat a De Mir\u00f3 a Barcelona, primer volum de la col\u00b7lecci\u00f3 Mir\u00f3 Documents (ed. Fundaci\u00f3 Joan Mir\u00f3, 2014). [\u2026] Joan Gaspar em va presentar aix\u00ed [a Joan Mir\u00f3]: \u00abUn jove periodista i un bon &hellip; Continua llegint De Mir\u00f3 a Barcelona \/ De Barcelona a Mir\u00f3\" \/>\n<meta property=\"og:url\" content=\"https:\/\/www.fmirobcn.org\/blog\/2020\/09\/29\/miro-barcelona-barcelona-miro\/\" \/>\n<meta property=\"og:site_name\" content=\"Blog Fundaci\u00f3 Joan Mir\u00f3\" \/>\n<meta property=\"article:published_time\" content=\"2020-09-29T08:32:08+00:00\" \/>\n<meta property=\"article:modified_time\" content=\"2024-03-14T09:15:05+00:00\" \/>\n<meta property=\"og:image\" content=\"https:\/\/www.fmirobcn.org\/blog\/wp-content\/uploads\/2020\/09\/Captura-de-pantalla-2020-09-28-a-las-21.36.31-686x455.png\" \/>\n\t<meta property=\"og:image:width\" content=\"686\" \/>\n\t<meta property=\"og:image:height\" content=\"455\" \/>\n\t<meta property=\"og:image:type\" content=\"image\/png\" \/>\n<meta name=\"author\" content=\"Equip de redacci\u00f3\" \/>\n<meta name=\"twitter:card\" content=\"summary_large_image\" \/>\n<meta name=\"twitter:label1\" content=\"Escrit per\" \/>\n\t<meta name=\"twitter:data1\" content=\"Equip de redacci\u00f3\" \/>\n\t<meta name=\"twitter:label2\" content=\"Temps estimat de lectura\" \/>\n\t<meta name=\"twitter:data2\" content=\"5 minuts\" \/>\n<script type=\"application\/ld+json\" class=\"yoast-schema-graph\">{\"@context\":\"https:\/\/schema.org\",\"@graph\":[{\"@type\":\"WebPage\",\"@id\":\"https:\/\/www.fmirobcn.org\/blog\/2020\/09\/29\/miro-barcelona-barcelona-miro\/\",\"url\":\"https:\/\/www.fmirobcn.org\/blog\/2020\/09\/29\/miro-barcelona-barcelona-miro\/\",\"name\":\"De Mir\u00f3 a Barcelona \/ De Barcelona a Mir\u00f3 - Blog Fundaci\u00f3 Joan Mir\u00f3\",\"isPartOf\":{\"@id\":\"https:\/\/www.fmirobcn.org\/blog\/#website\"},\"primaryImageOfPage\":{\"@id\":\"https:\/\/www.fmirobcn.org\/blog\/2020\/09\/29\/miro-barcelona-barcelona-miro\/#primaryimage\"},\"image\":{\"@id\":\"https:\/\/www.fmirobcn.org\/blog\/2020\/09\/29\/miro-barcelona-barcelona-miro\/#primaryimage\"},\"thumbnailUrl\":\"https:\/\/www.fmirobcn.org\/blog\/wp-content\/uploads\/2020\/09\/Captura-de-pantalla-2020-09-28-a-las-21.36.31.png\",\"datePublished\":\"2020-09-29T08:32:08+00:00\",\"dateModified\":\"2024-03-14T09:15:05+00:00\",\"author\":{\"@id\":\"https:\/\/www.fmirobcn.org\/blog\/#\/schema\/person\/927bcab4780baaf97f5e9bd067cc9ebd\"},\"breadcrumb\":{\"@id\":\"https:\/\/www.fmirobcn.org\/blog\/2020\/09\/29\/miro-barcelona-barcelona-miro\/#breadcrumb\"},\"inLanguage\":\"ca\",\"potentialAction\":[{\"@type\":\"ReadAction\",\"target\":[\"https:\/\/www.fmirobcn.org\/blog\/2020\/09\/29\/miro-barcelona-barcelona-miro\/\"]}]},{\"@type\":\"ImageObject\",\"inLanguage\":\"ca\",\"@id\":\"https:\/\/www.fmirobcn.org\/blog\/2020\/09\/29\/miro-barcelona-barcelona-miro\/#primaryimage\",\"url\":\"https:\/\/www.fmirobcn.org\/blog\/wp-content\/uploads\/2020\/09\/Captura-de-pantalla-2020-09-28-a-las-21.36.31.png\",\"contentUrl\":\"https:\/\/www.fmirobcn.org\/blog\/wp-content\/uploads\/2020\/09\/Captura-de-pantalla-2020-09-28-a-las-21.36.31.png\",\"width\":1984,\"height\":1316},{\"@type\":\"BreadcrumbList\",\"@id\":\"https:\/\/www.fmirobcn.org\/blog\/2020\/09\/29\/miro-barcelona-barcelona-miro\/#breadcrumb\",\"itemListElement\":[{\"@type\":\"ListItem\",\"position\":1,\"name\":\"Inici\",\"item\":\"https:\/\/www.fmirobcn.org\/blog\/\"},{\"@type\":\"ListItem\",\"position\":2,\"name\":\"De Mir\u00f3 a Barcelona \/ De Barcelona a Mir\u00f3\"}]},{\"@type\":\"WebSite\",\"@id\":\"https:\/\/www.fmirobcn.org\/blog\/#website\",\"url\":\"https:\/\/www.fmirobcn.org\/blog\/\",\"name\":\"Blog Fundaci\u00f3 Joan Mir\u00f3\",\"description\":\"El blog de la Fundaci\u00f3 Joan Mir\u00f3 acull diverses veus que estiren els fils tem\u00e0tics de l\u2019activitat de la Fundaci\u00f3, tot expandint-ne els continguts i generant nous punts de vista sobre la creaci\u00f3, sobre Mir\u00f3 o sobre els temes relacionats amb les exposicions.\",\"potentialAction\":[{\"@type\":\"SearchAction\",\"target\":{\"@type\":\"EntryPoint\",\"urlTemplate\":\"https:\/\/www.fmirobcn.org\/blog\/?s={search_term_string}\"},\"query-input\":{\"@type\":\"PropertyValueSpecification\",\"valueRequired\":true,\"valueName\":\"search_term_string\"}}],\"inLanguage\":\"ca\"},{\"@type\":\"Person\",\"@id\":\"https:\/\/www.fmirobcn.org\/blog\/#\/schema\/person\/927bcab4780baaf97f5e9bd067cc9ebd\",\"name\":\"Equip de redacci\u00f3\",\"url\":\"https:\/\/www.fmirobcn.org\/blog\/author\/equip-fundacio-miro\/\"}]}<\/script>\n<!-- \/ Yoast SEO plugin. -->","yoast_head_json":{"title":"De Mir\u00f3 a Barcelona \/ De Barcelona a Mir\u00f3 - Blog Fundaci\u00f3 Joan Mir\u00f3","robots":{"index":"index","follow":"follow","max-snippet":"max-snippet:-1","max-image-preview":"max-image-preview:large","max-video-preview":"max-video-preview:-1"},"canonical":"https:\/\/www.fmirobcn.org\/blog\/2020\/09\/29\/miro-barcelona-barcelona-miro\/","og_locale":"ca_ES","og_type":"article","og_title":"De Mir\u00f3 a Barcelona \/ De Barcelona a Mir\u00f3 - Blog Fundaci\u00f3 Joan Mir\u00f3","og_description":"A continuaci\u00f3 reprodu\u00efm un fragment del text \u00abA, B, C, D\u2026: la donaci\u00f3 de Joan Mir\u00f3 a Barcelona\u00bb, de Llu\u00eds Permanyer, publicat a De Mir\u00f3 a Barcelona, primer volum de la col\u00b7lecci\u00f3 Mir\u00f3 Documents (ed. Fundaci\u00f3 Joan Mir\u00f3, 2014). [\u2026] Joan Gaspar em va presentar aix\u00ed [a Joan Mir\u00f3]: \u00abUn jove periodista i un bon &hellip; Continua llegint De Mir\u00f3 a Barcelona \/ De Barcelona a Mir\u00f3","og_url":"https:\/\/www.fmirobcn.org\/blog\/2020\/09\/29\/miro-barcelona-barcelona-miro\/","og_site_name":"Blog Fundaci\u00f3 Joan Mir\u00f3","article_published_time":"2020-09-29T08:32:08+00:00","article_modified_time":"2024-03-14T09:15:05+00:00","og_image":[{"width":686,"height":455,"url":"https:\/\/www.fmirobcn.org\/blog\/wp-content\/uploads\/2020\/09\/Captura-de-pantalla-2020-09-28-a-las-21.36.31-686x455.png","type":"image\/png"}],"author":"Equip de redacci\u00f3","twitter_card":"summary_large_image","twitter_misc":{"Escrit per":"Equip de redacci\u00f3","Temps estimat de lectura":"5 minuts"},"schema":{"@context":"https:\/\/schema.org","@graph":[{"@type":"WebPage","@id":"https:\/\/www.fmirobcn.org\/blog\/2020\/09\/29\/miro-barcelona-barcelona-miro\/","url":"https:\/\/www.fmirobcn.org\/blog\/2020\/09\/29\/miro-barcelona-barcelona-miro\/","name":"De Mir\u00f3 a Barcelona \/ De Barcelona a Mir\u00f3 - Blog Fundaci\u00f3 Joan Mir\u00f3","isPartOf":{"@id":"https:\/\/www.fmirobcn.org\/blog\/#website"},"primaryImageOfPage":{"@id":"https:\/\/www.fmirobcn.org\/blog\/2020\/09\/29\/miro-barcelona-barcelona-miro\/#primaryimage"},"image":{"@id":"https:\/\/www.fmirobcn.org\/blog\/2020\/09\/29\/miro-barcelona-barcelona-miro\/#primaryimage"},"thumbnailUrl":"https:\/\/www.fmirobcn.org\/blog\/wp-content\/uploads\/2020\/09\/Captura-de-pantalla-2020-09-28-a-las-21.36.31.png","datePublished":"2020-09-29T08:32:08+00:00","dateModified":"2024-03-14T09:15:05+00:00","author":{"@id":"https:\/\/www.fmirobcn.org\/blog\/#\/schema\/person\/927bcab4780baaf97f5e9bd067cc9ebd"},"breadcrumb":{"@id":"https:\/\/www.fmirobcn.org\/blog\/2020\/09\/29\/miro-barcelona-barcelona-miro\/#breadcrumb"},"inLanguage":"ca","potentialAction":[{"@type":"ReadAction","target":["https:\/\/www.fmirobcn.org\/blog\/2020\/09\/29\/miro-barcelona-barcelona-miro\/"]}]},{"@type":"ImageObject","inLanguage":"ca","@id":"https:\/\/www.fmirobcn.org\/blog\/2020\/09\/29\/miro-barcelona-barcelona-miro\/#primaryimage","url":"https:\/\/www.fmirobcn.org\/blog\/wp-content\/uploads\/2020\/09\/Captura-de-pantalla-2020-09-28-a-las-21.36.31.png","contentUrl":"https:\/\/www.fmirobcn.org\/blog\/wp-content\/uploads\/2020\/09\/Captura-de-pantalla-2020-09-28-a-las-21.36.31.png","width":1984,"height":1316},{"@type":"BreadcrumbList","@id":"https:\/\/www.fmirobcn.org\/blog\/2020\/09\/29\/miro-barcelona-barcelona-miro\/#breadcrumb","itemListElement":[{"@type":"ListItem","position":1,"name":"Inici","item":"https:\/\/www.fmirobcn.org\/blog\/"},{"@type":"ListItem","position":2,"name":"De Mir\u00f3 a Barcelona \/ De Barcelona a Mir\u00f3"}]},{"@type":"WebSite","@id":"https:\/\/www.fmirobcn.org\/blog\/#website","url":"https:\/\/www.fmirobcn.org\/blog\/","name":"Blog Fundaci\u00f3 Joan Mir\u00f3","description":"El blog de la Fundaci\u00f3 Joan Mir\u00f3 acull diverses veus que estiren els fils tem\u00e0tics de l\u2019activitat de la Fundaci\u00f3, tot expandint-ne els continguts i generant nous punts de vista sobre la creaci\u00f3, sobre Mir\u00f3 o sobre els temes relacionats amb les exposicions.","potentialAction":[{"@type":"SearchAction","target":{"@type":"EntryPoint","urlTemplate":"https:\/\/www.fmirobcn.org\/blog\/?s={search_term_string}"},"query-input":{"@type":"PropertyValueSpecification","valueRequired":true,"valueName":"search_term_string"}}],"inLanguage":"ca"},{"@type":"Person","@id":"https:\/\/www.fmirobcn.org\/blog\/#\/schema\/person\/927bcab4780baaf97f5e9bd067cc9ebd","name":"Equip de redacci\u00f3","url":"https:\/\/www.fmirobcn.org\/blog\/author\/equip-fundacio-miro\/"}]}},"_links":{"self":[{"href":"https:\/\/www.fmirobcn.org\/blog\/wp-json\/wp\/v2\/posts\/1647","targetHints":{"allow":["GET"]}}],"collection":[{"href":"https:\/\/www.fmirobcn.org\/blog\/wp-json\/wp\/v2\/posts"}],"about":[{"href":"https:\/\/www.fmirobcn.org\/blog\/wp-json\/wp\/v2\/types\/post"}],"author":[{"embeddable":true,"href":"https:\/\/www.fmirobcn.org\/blog\/wp-json\/wp\/v2\/users\/7"}],"replies":[{"embeddable":true,"href":"https:\/\/www.fmirobcn.org\/blog\/wp-json\/wp\/v2\/comments?post=1647"}],"version-history":[{"count":30,"href":"https:\/\/www.fmirobcn.org\/blog\/wp-json\/wp\/v2\/posts\/1647\/revisions"}],"predecessor-version":[{"id":1698,"href":"https:\/\/www.fmirobcn.org\/blog\/wp-json\/wp\/v2\/posts\/1647\/revisions\/1698"}],"wp:featuredmedia":[{"embeddable":true,"href":"https:\/\/www.fmirobcn.org\/blog\/wp-json\/wp\/v2\/media\/1648"}],"wp:attachment":[{"href":"https:\/\/www.fmirobcn.org\/blog\/wp-json\/wp\/v2\/media?parent=1647"}],"wp:term":[{"taxonomy":"category","embeddable":true,"href":"https:\/\/www.fmirobcn.org\/blog\/wp-json\/wp\/v2\/categories?post=1647"},{"taxonomy":"post_tag","embeddable":true,"href":"https:\/\/www.fmirobcn.org\/blog\/wp-json\/wp\/v2\/tags?post=1647"}],"curies":[{"name":"wp","href":"https:\/\/api.w.org\/{rel}","templated":true}]}}