{"id":1700,"date":"2020-10-15T08:05:57","date_gmt":"2020-10-15T07:05:57","guid":{"rendered":"https:\/\/www.fmirobcn.org\/blog\/?p=1700"},"modified":"2024-03-14T10:15:05","modified_gmt":"2024-03-14T09:15:05","slug":"responsabilitat-civica-lartista","status":"publish","type":"post","link":"https:\/\/www.fmirobcn.org\/blog\/2020\/10\/15\/responsabilitat-civica-lartista\/","title":{"rendered":"Responsabilitat c\u00edvica de l\u2019artista"},"content":{"rendered":"<p>En adre\u00e7ar-me a aquesta Universitat de Barcelona que em confereix l\u2019alt honor d\u2019acollir-me avui entre els seus mestres, em pertoca en primer lloc de donar-vos a tots les gr\u00e0cies, d\u2019expressar-vos la m\u00e9s sincera gratitud per haver-me donat un lloc dintre d\u2019aquesta instituci\u00f3 en la qual homes tan diversos i en \u00e8poques tan diferents, des d\u2019un Mil\u00e0 i Fontanals fins a un Pere Bosch Gimpera, han fet tant per a construir i enaltir la vida cultural de Catalunya.<\/p>\n<p>Tothom sap que no \u00e9s la meva especialitat expressar-me amb el llenguatge verbal. El meu llenguatge \u00e9s el visual, el de la pintura, i \u00e9s amb ell que he intentat de dir, tot al llarg de la meva vida, all\u00f2 que pensava i sentia, all\u00f2 que em semblava que calia que digu\u00e9s.<\/p>\n<p>Per aix\u00f2, m\u00e9s que presentar-vos avui una lli\u00e7\u00f3 feta de paraules, voldria que amb la vostra mem\u00f2ria record\u00e9ssiu la meva obra pict\u00f2rica i pogu\u00e9ssiu trobar en ella tot all\u00f2 que no sabria dir-vos d\u2019una altra manera.<\/p>\n<p>Malgrat tot, potser valdria la pena d\u2019aprofitar aquesta ocasi\u00f3 solemne per a precisar alguna cosa, si no ja per a intentar d\u2019explicar l\u2019obra, que no \u00e9s feina meva, per a intentar d\u2019explicar algunes de les raons profundes de la meva actitud humana, perqu\u00e8 \u00e9s dintre de les actituds humanes que tota obra d\u2019art t\u00e9 les arrels.<\/p>\n<p>All\u00f2 a qu\u00e8 voldria fer refer\u00e8ncia \u00e9s a la meva concepci\u00f3 de l\u2019artista, com a persona amb una especial responsabilitat c\u00edvica.<\/p>\n<p>En aquest sentit, entenc que un artista \u00e9s alg\u00fa que, entre el silenci dels altres, fa servir la seva veu per dir alguna cosa, i que t\u00e9 l\u2019obligaci\u00f3 que aquesta cosa no sigui quelcom d\u2019in\u00fatil, sin\u00f3 quelcom que faci servei als homes.<\/p>\n<p>Que el fet de poder dir alguna cosa, quan la major part de la gent no t\u00e9 opci\u00f3 per expressar-se, l\u2019obliga que aquesta veu sigui en certa manera prof\u00e8tica. Que sigui, en certa manera, la veu de la seva comunitat.<\/p>\n<p>Que quan un artista parla des d\u2019un pa\u00eds com el nostre, cruelment marginat per una hist\u00f2ria adversa, cal que faci sentir la seva veu pel m\u00f3n, per afirmar, contra totes les ignor\u00e0ncies, tots els malentesos i totes les males fes, que Catalunya existeix, que \u00e9s original i \u00e9s viva.<\/p>\n<p><img loading=\"lazy\" decoding=\"async\" class=\"alignnone size-full wp-image-1701\" src=\"https:\/\/www.fmirobcn.org\/blog\/wp-content\/uploads\/2020\/10\/1.png\" alt=\"\" width=\"1200\" height=\"630\" srcset=\"https:\/\/www.fmirobcn.org\/blog\/wp-content\/uploads\/2020\/10\/1.png 1200w, https:\/\/www.fmirobcn.org\/blog\/wp-content\/uploads\/2020\/10\/1-300x158.png 300w, https:\/\/www.fmirobcn.org\/blog\/wp-content\/uploads\/2020\/10\/1-768x403.png 768w, https:\/\/www.fmirobcn.org\/blog\/wp-content\/uploads\/2020\/10\/1-800x420.png 800w, https:\/\/www.fmirobcn.org\/blog\/wp-content\/uploads\/2020\/10\/1-533x280.png 533w\" sizes=\"auto, (max-width: 1200px) 100vw, 1200px\" \/><\/p>\n<p class=\"peu-foto\">Maqueta del cartell &#8220;Volem l&#8217;Estatut&#8221; (1977), cartell del &#8220;Congr\u00e9s de Cultura Catalana&#8221;(1977) i del diari Avui (1976).<\/p>\n<p>Que quan un artista parla voltat d\u2019una cultura internacional i d\u2019uns refinaments elitistes, no vulgui deixar-se tancar dintre el clos de la cultura ni de les elits, i que vulgui comunicar directament, per aprendre coses i per expressar-les, amb la saviesa profunda del poble, origen i destinatari final de tota empresa realment humana, sense que cap barrera classista ho pugui impedir.<\/p>\n<p>Que quan un artista parli en un entorn on la llibertat \u00e9s dif\u00edcil, converteixi cada una de les seves obres en una negaci\u00f3 de les negacions, en un deslligament de totes les opressions, tots els prejudicis i totes les falses valors establertes.<\/p>\n<p><img loading=\"lazy\" decoding=\"async\" class=\"alignnone size-full wp-image-1702\" src=\"https:\/\/www.fmirobcn.org\/blog\/wp-content\/uploads\/2020\/10\/2.png\" alt=\"\" width=\"1200\" height=\"630\" srcset=\"https:\/\/www.fmirobcn.org\/blog\/wp-content\/uploads\/2020\/10\/2.png 1200w, https:\/\/www.fmirobcn.org\/blog\/wp-content\/uploads\/2020\/10\/2-300x158.png 300w, https:\/\/www.fmirobcn.org\/blog\/wp-content\/uploads\/2020\/10\/2-768x403.png 768w, https:\/\/www.fmirobcn.org\/blog\/wp-content\/uploads\/2020\/10\/2-800x420.png 800w, https:\/\/www.fmirobcn.org\/blog\/wp-content\/uploads\/2020\/10\/2-533x280.png 533w\" sizes=\"auto, (max-width: 1200px) 100vw, 1200px\" \/><\/p>\n<p class=\"peu-foto\">Cartells &#8220;UNESCO. Mir\u00f3. Human rights&#8221; (1974),\u00a0 &#8220;Amnesty International&#8221; (1976) i &#8220;UNESCO. Mir\u00f3. Derechos humanos&#8221; (1974).<\/p>\n<p>Que quan els altres, al seu volt, treballen positivament en tota mena d\u2019empreses al servei dels homes en general i particularment del seu poble i de la realitzaci\u00f3 completa de la seva hist\u00f2rica, cal que l\u2019artista no se senti gens apartat de totes aquestes iniciatives ni de tots aquests esfor\u00e7os i doni a uns i altres el seu suport, el de la seva pres\u00e8ncia personal i el de l\u2019efic\u00e0cia que la seva obra pugui tenir.<\/p>\n<p>Estic content de poder tenir l\u2019ocasi\u00f3 de fer ressonar en aquesta sala, carregada ja d\u2019un segle d\u2019hist\u00f2ria del nostre pa\u00eds, aquestes paraules de solidaritat humana, de fidelitat a la terra, de di\u00e0leg directe fora de les fronteres de la societat dividida en classes, i de lliurament a l\u2019empresa de la llibertat.<\/p>\n<p>M\u2019atreveixo a pensar que, si em feu l\u2019alt honor que avui em feu d\u2019acollir-me en aquesta universitat, \u00e9s perqu\u00e8, per a vosaltres com per a mi, els prop\u00f2sits van vitalment units a l\u2019esperan\u00e7a.<\/p>\n<p>Moltes gr\u00e0cies. Joan Mir\u00f3<\/p>\n<p>&nbsp;<\/p>\n<p><span class=\"copyright\">Discurs de Joan Mir\u00f3 amb motiu del seu nomenament com a doctor honoris causa per la Universitat de Barcelona el 2 d\u2019octubre de 1979.<\/span><\/p>\n","protected":false},"excerpt":{"rendered":"<p>En adre\u00e7ar-me a aquesta Universitat de Barcelona que em confereix l\u2019alt honor d\u2019acollir-me avui entre els seus mestres, em pertoca en primer lloc de donar-vos a tots les gr\u00e0cies, d\u2019expressar-vos la m\u00e9s sincera gratitud per haver-me donat un lloc dintre d\u2019aquesta instituci\u00f3 en la qual homes tan diversos i en \u00e8poques tan diferents, des d\u2019un &hellip; <a href=\"https:\/\/www.fmirobcn.org\/blog\/2020\/10\/15\/responsabilitat-civica-lartista\/\" class=\"more-link\">Continua llegint <span class=\"screen-reader-text\">Responsabilitat c\u00edvica de l\u2019artista<\/span><\/a><\/p>\n","protected":false},"author":7,"featured_media":1715,"comment_status":"closed","ping_status":"closed","sticky":false,"template":"","format":"standard","meta":{"_acf_changed":false,"footnotes":""},"categories":[411,412,10],"tags":[368,130],"class_list":["post-1700","post","type-post","status-publish","format-standard","has-post-thumbnail","hentry","category-cartells","category-compromis","category-miro","tag-cartells","tag-compromis"],"acf":[],"yoast_head":"<!-- This site is optimized with the Yoast SEO plugin v26.1 - https:\/\/yoast.com\/wordpress\/plugins\/seo\/ -->\n<title>Responsabilitat c\u00edvica de l\u2019artista - Blog Fundaci\u00f3 Joan Mir\u00f3<\/title>\n<meta name=\"robots\" content=\"index, follow, max-snippet:-1, max-image-preview:large, max-video-preview:-1\" \/>\n<link rel=\"canonical\" href=\"https:\/\/www.fmirobcn.org\/blog\/2020\/10\/15\/responsabilitat-civica-lartista\/\" \/>\n<meta property=\"og:locale\" content=\"ca_ES\" \/>\n<meta property=\"og:type\" content=\"article\" \/>\n<meta property=\"og:title\" content=\"Responsabilitat c\u00edvica de l\u2019artista - Blog Fundaci\u00f3 Joan Mir\u00f3\" \/>\n<meta property=\"og:description\" content=\"En adre\u00e7ar-me a aquesta Universitat de Barcelona que em confereix l\u2019alt honor d\u2019acollir-me avui entre els seus mestres, em pertoca en primer lloc de donar-vos a tots les gr\u00e0cies, d\u2019expressar-vos la m\u00e9s sincera gratitud per haver-me donat un lloc dintre d\u2019aquesta instituci\u00f3 en la qual homes tan diversos i en \u00e8poques tan diferents, des d\u2019un &hellip; Continua llegint Responsabilitat c\u00edvica de l\u2019artista\" \/>\n<meta property=\"og:url\" content=\"https:\/\/www.fmirobcn.org\/blog\/2020\/10\/15\/responsabilitat-civica-lartista\/\" \/>\n<meta property=\"og:site_name\" content=\"Blog Fundaci\u00f3 Joan Mir\u00f3\" \/>\n<meta property=\"article:published_time\" content=\"2020-10-15T07:05:57+00:00\" \/>\n<meta property=\"article:modified_time\" content=\"2024-03-14T09:15:05+00:00\" \/>\n<meta property=\"og:image\" content=\"https:\/\/www.fmirobcn.org\/blog\/wp-content\/uploads\/2020\/10\/capc\u0327alera2.png\" \/>\n\t<meta property=\"og:image:width\" content=\"1110\" \/>\n\t<meta property=\"og:image:height\" content=\"630\" \/>\n\t<meta property=\"og:image:type\" content=\"image\/png\" \/>\n<meta name=\"author\" content=\"Equip de redacci\u00f3\" \/>\n<meta name=\"twitter:card\" content=\"summary_large_image\" \/>\n<meta name=\"twitter:label1\" content=\"Escrit per\" \/>\n\t<meta name=\"twitter:data1\" content=\"Equip de redacci\u00f3\" \/>\n\t<meta name=\"twitter:label2\" content=\"Temps estimat de lectura\" \/>\n\t<meta name=\"twitter:data2\" content=\"4 minuts\" \/>\n<script type=\"application\/ld+json\" class=\"yoast-schema-graph\">{\"@context\":\"https:\/\/schema.org\",\"@graph\":[{\"@type\":\"WebPage\",\"@id\":\"https:\/\/www.fmirobcn.org\/blog\/2020\/10\/15\/responsabilitat-civica-lartista\/\",\"url\":\"https:\/\/www.fmirobcn.org\/blog\/2020\/10\/15\/responsabilitat-civica-lartista\/\",\"name\":\"Responsabilitat c\u00edvica de l\u2019artista - Blog Fundaci\u00f3 Joan Mir\u00f3\",\"isPartOf\":{\"@id\":\"https:\/\/www.fmirobcn.org\/blog\/#website\"},\"primaryImageOfPage\":{\"@id\":\"https:\/\/www.fmirobcn.org\/blog\/2020\/10\/15\/responsabilitat-civica-lartista\/#primaryimage\"},\"image\":{\"@id\":\"https:\/\/www.fmirobcn.org\/blog\/2020\/10\/15\/responsabilitat-civica-lartista\/#primaryimage\"},\"thumbnailUrl\":\"https:\/\/www.fmirobcn.org\/blog\/wp-content\/uploads\/2020\/10\/capc\u0327alera2.png\",\"datePublished\":\"2020-10-15T07:05:57+00:00\",\"dateModified\":\"2024-03-14T09:15:05+00:00\",\"author\":{\"@id\":\"https:\/\/www.fmirobcn.org\/blog\/#\/schema\/person\/927bcab4780baaf97f5e9bd067cc9ebd\"},\"breadcrumb\":{\"@id\":\"https:\/\/www.fmirobcn.org\/blog\/2020\/10\/15\/responsabilitat-civica-lartista\/#breadcrumb\"},\"inLanguage\":\"ca\",\"potentialAction\":[{\"@type\":\"ReadAction\",\"target\":[\"https:\/\/www.fmirobcn.org\/blog\/2020\/10\/15\/responsabilitat-civica-lartista\/\"]}]},{\"@type\":\"ImageObject\",\"inLanguage\":\"ca\",\"@id\":\"https:\/\/www.fmirobcn.org\/blog\/2020\/10\/15\/responsabilitat-civica-lartista\/#primaryimage\",\"url\":\"https:\/\/www.fmirobcn.org\/blog\/wp-content\/uploads\/2020\/10\/capc\u0327alera2.png\",\"contentUrl\":\"https:\/\/www.fmirobcn.org\/blog\/wp-content\/uploads\/2020\/10\/capc\u0327alera2.png\",\"width\":1110,\"height\":630},{\"@type\":\"BreadcrumbList\",\"@id\":\"https:\/\/www.fmirobcn.org\/blog\/2020\/10\/15\/responsabilitat-civica-lartista\/#breadcrumb\",\"itemListElement\":[{\"@type\":\"ListItem\",\"position\":1,\"name\":\"Inici\",\"item\":\"https:\/\/www.fmirobcn.org\/blog\/\"},{\"@type\":\"ListItem\",\"position\":2,\"name\":\"Responsabilitat c\u00edvica de l\u2019artista\"}]},{\"@type\":\"WebSite\",\"@id\":\"https:\/\/www.fmirobcn.org\/blog\/#website\",\"url\":\"https:\/\/www.fmirobcn.org\/blog\/\",\"name\":\"Blog Fundaci\u00f3 Joan Mir\u00f3\",\"description\":\"El blog de la Fundaci\u00f3 Joan Mir\u00f3 acull diverses veus que estiren els fils tem\u00e0tics de l\u2019activitat de la Fundaci\u00f3, tot expandint-ne els continguts i generant nous punts de vista sobre la creaci\u00f3, sobre Mir\u00f3 o sobre els temes relacionats amb les exposicions.\",\"potentialAction\":[{\"@type\":\"SearchAction\",\"target\":{\"@type\":\"EntryPoint\",\"urlTemplate\":\"https:\/\/www.fmirobcn.org\/blog\/?s={search_term_string}\"},\"query-input\":{\"@type\":\"PropertyValueSpecification\",\"valueRequired\":true,\"valueName\":\"search_term_string\"}}],\"inLanguage\":\"ca\"},{\"@type\":\"Person\",\"@id\":\"https:\/\/www.fmirobcn.org\/blog\/#\/schema\/person\/927bcab4780baaf97f5e9bd067cc9ebd\",\"name\":\"Equip de redacci\u00f3\",\"url\":\"https:\/\/www.fmirobcn.org\/blog\/author\/equip-fundacio-miro\/\"}]}<\/script>\n<!-- \/ Yoast SEO plugin. -->","yoast_head_json":{"title":"Responsabilitat c\u00edvica de l\u2019artista - Blog Fundaci\u00f3 Joan Mir\u00f3","robots":{"index":"index","follow":"follow","max-snippet":"max-snippet:-1","max-image-preview":"max-image-preview:large","max-video-preview":"max-video-preview:-1"},"canonical":"https:\/\/www.fmirobcn.org\/blog\/2020\/10\/15\/responsabilitat-civica-lartista\/","og_locale":"ca_ES","og_type":"article","og_title":"Responsabilitat c\u00edvica de l\u2019artista - Blog Fundaci\u00f3 Joan Mir\u00f3","og_description":"En adre\u00e7ar-me a aquesta Universitat de Barcelona que em confereix l\u2019alt honor d\u2019acollir-me avui entre els seus mestres, em pertoca en primer lloc de donar-vos a tots les gr\u00e0cies, d\u2019expressar-vos la m\u00e9s sincera gratitud per haver-me donat un lloc dintre d\u2019aquesta instituci\u00f3 en la qual homes tan diversos i en \u00e8poques tan diferents, des d\u2019un &hellip; Continua llegint Responsabilitat c\u00edvica de l\u2019artista","og_url":"https:\/\/www.fmirobcn.org\/blog\/2020\/10\/15\/responsabilitat-civica-lartista\/","og_site_name":"Blog Fundaci\u00f3 Joan Mir\u00f3","article_published_time":"2020-10-15T07:05:57+00:00","article_modified_time":"2024-03-14T09:15:05+00:00","og_image":[{"width":1110,"height":630,"url":"https:\/\/www.fmirobcn.org\/blog\/wp-content\/uploads\/2020\/10\/capc\u0327alera2.png","type":"image\/png"}],"author":"Equip de redacci\u00f3","twitter_card":"summary_large_image","twitter_misc":{"Escrit per":"Equip de redacci\u00f3","Temps estimat de lectura":"4 minuts"},"schema":{"@context":"https:\/\/schema.org","@graph":[{"@type":"WebPage","@id":"https:\/\/www.fmirobcn.org\/blog\/2020\/10\/15\/responsabilitat-civica-lartista\/","url":"https:\/\/www.fmirobcn.org\/blog\/2020\/10\/15\/responsabilitat-civica-lartista\/","name":"Responsabilitat c\u00edvica de l\u2019artista - Blog Fundaci\u00f3 Joan Mir\u00f3","isPartOf":{"@id":"https:\/\/www.fmirobcn.org\/blog\/#website"},"primaryImageOfPage":{"@id":"https:\/\/www.fmirobcn.org\/blog\/2020\/10\/15\/responsabilitat-civica-lartista\/#primaryimage"},"image":{"@id":"https:\/\/www.fmirobcn.org\/blog\/2020\/10\/15\/responsabilitat-civica-lartista\/#primaryimage"},"thumbnailUrl":"https:\/\/www.fmirobcn.org\/blog\/wp-content\/uploads\/2020\/10\/capc\u0327alera2.png","datePublished":"2020-10-15T07:05:57+00:00","dateModified":"2024-03-14T09:15:05+00:00","author":{"@id":"https:\/\/www.fmirobcn.org\/blog\/#\/schema\/person\/927bcab4780baaf97f5e9bd067cc9ebd"},"breadcrumb":{"@id":"https:\/\/www.fmirobcn.org\/blog\/2020\/10\/15\/responsabilitat-civica-lartista\/#breadcrumb"},"inLanguage":"ca","potentialAction":[{"@type":"ReadAction","target":["https:\/\/www.fmirobcn.org\/blog\/2020\/10\/15\/responsabilitat-civica-lartista\/"]}]},{"@type":"ImageObject","inLanguage":"ca","@id":"https:\/\/www.fmirobcn.org\/blog\/2020\/10\/15\/responsabilitat-civica-lartista\/#primaryimage","url":"https:\/\/www.fmirobcn.org\/blog\/wp-content\/uploads\/2020\/10\/capc\u0327alera2.png","contentUrl":"https:\/\/www.fmirobcn.org\/blog\/wp-content\/uploads\/2020\/10\/capc\u0327alera2.png","width":1110,"height":630},{"@type":"BreadcrumbList","@id":"https:\/\/www.fmirobcn.org\/blog\/2020\/10\/15\/responsabilitat-civica-lartista\/#breadcrumb","itemListElement":[{"@type":"ListItem","position":1,"name":"Inici","item":"https:\/\/www.fmirobcn.org\/blog\/"},{"@type":"ListItem","position":2,"name":"Responsabilitat c\u00edvica de l\u2019artista"}]},{"@type":"WebSite","@id":"https:\/\/www.fmirobcn.org\/blog\/#website","url":"https:\/\/www.fmirobcn.org\/blog\/","name":"Blog Fundaci\u00f3 Joan Mir\u00f3","description":"El blog de la Fundaci\u00f3 Joan Mir\u00f3 acull diverses veus que estiren els fils tem\u00e0tics de l\u2019activitat de la Fundaci\u00f3, tot expandint-ne els continguts i generant nous punts de vista sobre la creaci\u00f3, sobre Mir\u00f3 o sobre els temes relacionats amb les exposicions.","potentialAction":[{"@type":"SearchAction","target":{"@type":"EntryPoint","urlTemplate":"https:\/\/www.fmirobcn.org\/blog\/?s={search_term_string}"},"query-input":{"@type":"PropertyValueSpecification","valueRequired":true,"valueName":"search_term_string"}}],"inLanguage":"ca"},{"@type":"Person","@id":"https:\/\/www.fmirobcn.org\/blog\/#\/schema\/person\/927bcab4780baaf97f5e9bd067cc9ebd","name":"Equip de redacci\u00f3","url":"https:\/\/www.fmirobcn.org\/blog\/author\/equip-fundacio-miro\/"}]}},"_links":{"self":[{"href":"https:\/\/www.fmirobcn.org\/blog\/wp-json\/wp\/v2\/posts\/1700","targetHints":{"allow":["GET"]}}],"collection":[{"href":"https:\/\/www.fmirobcn.org\/blog\/wp-json\/wp\/v2\/posts"}],"about":[{"href":"https:\/\/www.fmirobcn.org\/blog\/wp-json\/wp\/v2\/types\/post"}],"author":[{"embeddable":true,"href":"https:\/\/www.fmirobcn.org\/blog\/wp-json\/wp\/v2\/users\/7"}],"replies":[{"embeddable":true,"href":"https:\/\/www.fmirobcn.org\/blog\/wp-json\/wp\/v2\/comments?post=1700"}],"version-history":[{"count":6,"href":"https:\/\/www.fmirobcn.org\/blog\/wp-json\/wp\/v2\/posts\/1700\/revisions"}],"predecessor-version":[{"id":1717,"href":"https:\/\/www.fmirobcn.org\/blog\/wp-json\/wp\/v2\/posts\/1700\/revisions\/1717"}],"wp:featuredmedia":[{"embeddable":true,"href":"https:\/\/www.fmirobcn.org\/blog\/wp-json\/wp\/v2\/media\/1715"}],"wp:attachment":[{"href":"https:\/\/www.fmirobcn.org\/blog\/wp-json\/wp\/v2\/media?parent=1700"}],"wp:term":[{"taxonomy":"category","embeddable":true,"href":"https:\/\/www.fmirobcn.org\/blog\/wp-json\/wp\/v2\/categories?post=1700"},{"taxonomy":"post_tag","embeddable":true,"href":"https:\/\/www.fmirobcn.org\/blog\/wp-json\/wp\/v2\/tags?post=1700"}],"curies":[{"name":"wp","href":"https:\/\/api.w.org\/{rel}","templated":true}]}}