{"id":1753,"date":"2020-12-21T12:46:52","date_gmt":"2020-12-21T11:46:52","guid":{"rendered":"https:\/\/www.fmirobcn.org\/blog\/?p=1753"},"modified":"2024-03-14T10:15:03","modified_gmt":"2024-03-14T09:15:03","slug":"miro-labast-tothom","status":"publish","type":"post","link":"https:\/\/www.fmirobcn.org\/blog\/2020\/12\/21\/miro-labast-tothom\/","title":{"rendered":"La Mir\u00f3 a l\u2019abast de tothom"},"content":{"rendered":"<p>A la Fundaci\u00f3 Joan Mir\u00f3 el confinament ens va agafar per sorpresa. Com a tothom. Amb molta incertesa i pocs dies de marge, el museu va posar a disposici\u00f3 dels visitants virtuals un conjunt de recursos (alguns ja existents i altres de nous) que amb el t\u00edtol de <a href=\"https:\/\/www.fmirobcn.org\/ca\/fundacio\/premsa\/219\/miro-a-casa\"><strong><em>Mir\u00f3 a casa<\/em><\/strong><\/a> donava continu\u00eftat a la nostra missi\u00f3: promoure el coneixement i la comprensi\u00f3 de l\u2019obra de Mir\u00f3 i d\u2019altres artistes dels segles XX i XXI.<\/p>\n<p>Acabat el confinament, la reobertura, al juny, va significar per a la Fundaci\u00f3 un moment simb\u00f2lic de trobada amb els nostres p\u00fablics, per\u00f2 tamb\u00e9 de recuperaci\u00f3 d\u2019un dels nostres eixos program\u00e0tics: la relaci\u00f3 <a href=\"https:\/\/www.fmirobcn.org\/ca\/fundacio\/art-i-natura\/\"><strong>art-natura<\/strong><\/a>, un encontre que els ciutadans van saber apreciar omplint els <a href=\"https:\/\/www.fmirobcn.org\/ca\/visita\/camins-a-la-fundacio-joan-miro\/\">camins que porten a la Fundaci\u00f3<\/a>. L\u2019art i la natura esdevenien un refugi emocional per a les nostres inquietuds massa temps tancades. Les xarxes socials, aquells dies, es van omplir de manera natural de fotografies de flors, d\u2019arbres i de natura desbocada que enva\u00efa els espais reservats a les peces d\u2019art. Art i natura es fonien amablement per oferir als visitants consol davant de tanta incertesa.<\/p>\n<div style=\"width: 800px;\" class=\"wp-video\"><!--[if lt IE 9]><script>document.createElement('video');<\/script><![endif]-->\n<video class=\"wp-video-shortcode\" id=\"video-1753-1\" width=\"800\" height=\"800\" preload=\"metadata\" controls=\"controls\"><source type=\"video\/mp4\" src=\"https:\/\/www.fmirobcn.org\/blog\/wp-content\/uploads\/2020\/12\/FJM-a-ma-1080x1080-post.mp4?_=1\" \/><a href=\"https:\/\/www.fmirobcn.org\/blog\/wp-content\/uploads\/2020\/12\/FJM-a-ma-1080x1080-post.mp4\">https:\/\/www.fmirobcn.org\/blog\/wp-content\/uploads\/2020\/12\/FJM-a-ma-1080x1080-post.mp4<\/a><\/video><\/div>\n<p>Despr\u00e9s d\u2019aquests mesos de reflexi\u00f3 i de reptes, la Fundaci\u00f3 vol continuar oferint aquest espai de benestar i alleujament emocional als visitants, i els ve\u00efns de Barcelona i els ciutadans de tot el pa\u00eds han respost a la crida ag\u00f2nica de l\u2019art i la cultura. L\u2019impacte i l\u2019abast als canals digitals ha estat significatiu i el p\u00fablic local tamb\u00e9 ha augmentat; aix\u00f2 vol dir que l\u2019art i la cultura no estan presents nom\u00e9s a les parets dels museus o als escenaris dels teatres, sin\u00f3 tamb\u00e9 a les cases, a les tauletes t\u00e0ctils, als balcons o als m\u00f2bils. L\u2019art ja fa temps que fuig del marc i busca nous suports i nous llenguatges per expressar-se.<\/p>\n<p>Tanquem un any complicat i, sense saber quin ser\u00e0 el pr\u00f2xim escenari, volem seguir creixent per ser aquest museu obert al m\u00f3n, per aix\u00f2 la Fundaci\u00f3 proposa un nou projecte, <a href=\"http:\/\/www.fmirobcn.org\/lamiroama\"><strong><em>La Mir\u00f3 a m\u00e0<\/em><\/strong><\/a>, un conjunt de recursos que es presenten com a petites c\u00e0psules per inspirar, fomentar la creativitat i acostar-nos a l\u2019obra de Mir\u00f3.<\/p>\n<p><em>La Mir\u00f3 a m\u00e0 <\/em>vol, d\u2019una banda, trencar amb l\u2019excessiva mitificaci\u00f3 de les institucions muse\u00edstiques, tot adoptant el nom popular de la Fundaci\u00f3 Joan Mir\u00f3 entre els nostres p\u00fablics (\u00abla Mir\u00f3\u00bb), i, de l\u2019altra, posar uns recursos a l\u2019abast de tothom per poder-los tenir a m\u00e0 a qualsevol lloc i en qualsevol moment. La crisi social, econ\u00f2mica i sanit\u00e0ria derivada de la covid-19 ha portat les institucions i organitzacions culturals a avan\u00e7ar decisions i impulsar canvis que estaven latents, com ara la resignificaci\u00f3 dels espais muse\u00edstics. La Mir\u00f3 va m\u00e9s enll\u00e0 de les parets blanques del museu i s\u2019expandeix a trav\u00e9s de diferents canals digitals, per\u00f2 tamb\u00e9 presencials. Els continguts giren al voltant dels eixos program\u00e0tics de la Fundaci\u00f3: Joan Mir\u00f3, la creaci\u00f3 actual i arquitectura i entorn. Aquestes c\u00e0psules d\u2019inspiraci\u00f3 i creaci\u00f3 no s\u00f3n una translaci\u00f3 dels continguts presencials, sin\u00f3 que estan pensades per seguir obrint cam\u00ed cap a un museu obert, en qu\u00e8 els espais i els l\u00edmits entre g\u00e8neres i disciplines es dilueixen. La Mir\u00f3 a m\u00e0 proposa un recorregut obert i permeable, flexible i inacabat, per jugar, aprendre o inspirar-se. En aquesta segona fase (la primera es va encetar amb Mir\u00f3 a casa), contempla tres propostes:<\/p>\n<h3><a href=\"https:\/\/www.youtube.com\/watch?v=byNoqdIi3Zw&amp;list=PLXc3Za59pMD9XkpFPQXZjiqGNjw4WNcT3\"><strong>Art i acci\u00f3<\/strong><\/a><\/h3>\n<p>La <em>performance<\/em> i l\u2019<a href=\"https:\/\/www.youtube.com\/watch?v=byNoqdIi3Zw&amp;list=PLXc3Za59pMD9XkpFPQXZjiqGNjw4WNcT3\">art en acci\u00f3<\/a> han tingut una pres\u00e8ncia continuada a la programaci\u00f3 de la Fundaci\u00f3. Des de les <em>performances<\/em> a l\u2019Espai 13 fins a la recent <em>performance<\/em> d\u2019esborrament de Nalini Malani, l\u2019acci\u00f3, el cos i la veu han estat reflex no nom\u00e9s de l\u2019evoluci\u00f3 del llenguatge art\u00edstic, sin\u00f3 tamb\u00e9 de la voluntat de Mir\u00f3 que totes les expressions art\u00edstiques tinguin cabuda a la Fundaci\u00f3. <em>Art i acci\u00f3<\/em> recupera accions que s\u2019han fet al llarg d\u2019aquests anys a la Mir\u00f3 per tenir una mirada diacr\u00f2nica i amb perspectiva de l\u2019evoluci\u00f3 del g\u00e8nere. La m\u00e9s recent, <a href=\"https:\/\/www.youtube.com\/watch?v=KIHx3KX93E8\">la de Nalini Malani<\/a>, en qu\u00e8 l\u2019artista no fa esborrar els seus dibuixos per fer-los desapar\u00e8ixer, sin\u00f3, paradoxalment, per retenir-los encara m\u00e9s intensament a la mem\u00f2ria tot afegint-hi capes de significat a trav\u00e9s de la forta connexi\u00f3 que s\u2019estableix entre l\u2019artista i qui esborra. L\u2019art est\u00e0 en moviment i evoluci\u00f3 constants, no nom\u00e9s per la idiosincr\u00e0sia mateixa del llenguatge art\u00edstic, sin\u00f3 tamb\u00e9 pel temps i el moment de percepci\u00f3.<\/p>\n<p><img loading=\"lazy\" decoding=\"async\" class=\"alignnone size-large wp-image-1758\" src=\"https:\/\/www.fmirobcn.org\/blog\/wp-content\/uploads\/2020\/12\/Eo5XnZcXUAIIOtY-15.27.52-800x379.jpeg\" alt=\"\" width=\"800\" height=\"379\" srcset=\"https:\/\/www.fmirobcn.org\/blog\/wp-content\/uploads\/2020\/12\/Eo5XnZcXUAIIOtY-15.27.52-800x379.jpeg 800w, https:\/\/www.fmirobcn.org\/blog\/wp-content\/uploads\/2020\/12\/Eo5XnZcXUAIIOtY-15.27.52-300x142.jpeg 300w, https:\/\/www.fmirobcn.org\/blog\/wp-content\/uploads\/2020\/12\/Eo5XnZcXUAIIOtY-15.27.52-768x363.jpeg 768w, https:\/\/www.fmirobcn.org\/blog\/wp-content\/uploads\/2020\/12\/Eo5XnZcXUAIIOtY-15.27.52-533x252.jpeg 533w, https:\/\/www.fmirobcn.org\/blog\/wp-content\/uploads\/2020\/12\/Eo5XnZcXUAIIOtY-15.27.52.jpeg 2048w\" sizes=\"auto, (max-width: 800px) 100vw, 800px\" \/><\/p>\n<h3><a href=\"http:\/\/www.fmirobcn.org\/activitatsfamilies\"><strong>Fam\u00edlies en l\u00ednia<\/strong><\/a><\/h3>\n<p>Un conjunt de propostes pensades per estimular la creativitat en fam\u00edlia, seguint l\u2019ideari d\u2019aprenentatge, descoberta i exploraci\u00f3 que es desenvolupa tamb\u00e9 als espais f\u00edsics de la Fundaci\u00f3 des de l\u2019\u00e0rea de programes p\u00fablics. Inclou dues propostes: <a href=\"https:\/\/www.fmirobcn.org\/ca\/activitats\/families\/miro-en-joc\/\"><em>Mir\u00f3 en joc<\/em><\/a>, un col\u00b7leccionable de recursos per fer des de casa, i <a href=\"https:\/\/www.fmirobcn.org\/ca\/activitats\/families\/families-creatives\/\"><em>Fam\u00edlies creatives<\/em><\/a>, una activitat per jugar i crear amb les textures que ens envolten.<\/p>\n<p><img loading=\"lazy\" decoding=\"async\" class=\"alignnone wp-image-1755\" src=\"https:\/\/www.fmirobcn.org\/blog\/wp-content\/uploads\/2020\/12\/Miro\u0301-en-joc_tots-607x455.jpg\" alt=\"\" width=\"800\" height=\"600\" srcset=\"https:\/\/www.fmirobcn.org\/blog\/wp-content\/uploads\/2020\/12\/Miro\u0301-en-joc_tots-607x455.jpg 607w, https:\/\/www.fmirobcn.org\/blog\/wp-content\/uploads\/2020\/12\/Miro\u0301-en-joc_tots-300x225.jpg 300w, https:\/\/www.fmirobcn.org\/blog\/wp-content\/uploads\/2020\/12\/Miro\u0301-en-joc_tots-768x576.jpg 768w, https:\/\/www.fmirobcn.org\/blog\/wp-content\/uploads\/2020\/12\/Miro\u0301-en-joc_tots-533x400.jpg 533w\" sizes=\"auto, (max-width: 800px) 100vw, 800px\" \/><\/p>\n<h3><a href=\"https:\/\/www.youtube.com\/playlist?list=PLXc3Za59pMD-kja7N2O3a49m4wWgl1VTP\"><strong>El meu Mir\u00f3<\/strong><\/a><\/h3>\n<p>Un recull d\u2019enregistraments realitzats a persones m\u00e9s o menys an\u00f2nimes que fan la seva interpretaci\u00f3 personal d\u2019una obra de Mir\u00f3. <a href=\"https:\/\/www.youtube.com\/playlist?list=PLXc3Za59pMD-kja7N2O3a49m4wWgl1VTP\"><em>El meu Mir\u00f3<\/em><\/a>\u00a0anticipa i resumeix alhora tot all\u00f2 que voldr\u00edem transmetre per a un futur m\u00e9s inspirador: l\u2019art no t\u00e9 sentit sense la nostra mirada, i el museu, com a mediador, nom\u00e9s pot donar claus de lectura, petites notes a peu de p\u00e0gina que inspirin o donin suport a les inquietuds de l\u2019espectador. A <em>El meu Mir\u00f3<\/em> cadasc\u00fa s\u2019apropia d\u2019una obra i en parla sense prejudicis acad\u00e8mics o formalistes, portant-la cap a un terreny personal.<\/p>\n<p><img loading=\"lazy\" decoding=\"async\" class=\"alignnone wp-image-1775\" src=\"https:\/\/www.fmirobcn.org\/blog\/wp-content\/uploads\/2020\/12\/elmeumiro-1-562x455.jpg\" alt=\"\" width=\"800\" height=\"648\" srcset=\"https:\/\/www.fmirobcn.org\/blog\/wp-content\/uploads\/2020\/12\/elmeumiro-1-562x455.jpg 562w, https:\/\/www.fmirobcn.org\/blog\/wp-content\/uploads\/2020\/12\/elmeumiro-1-300x243.jpg 300w, https:\/\/www.fmirobcn.org\/blog\/wp-content\/uploads\/2020\/12\/elmeumiro-1-768x622.jpg 768w, https:\/\/www.fmirobcn.org\/blog\/wp-content\/uploads\/2020\/12\/elmeumiro-1-533x432.jpg 533w\" sizes=\"auto, (max-width: 800px) 100vw, 800px\" \/><\/p>\n<p>Aquesta activitat sintetitza, de fet, la nostra manera d\u2019entendre l\u2019art: no hi ha una sola manera d\u2019explorar un museu, una pe\u00e7a d\u2019art o un espectacle, sin\u00f3 que cadasc\u00fa hi busca o hi troba preguntes i respostes segons les afinitats i els interessos personals. Quan la Fundaci\u00f3 es va crear a mida fa gaireb\u00e9 cinquanta anys, Mir\u00f3 i Sert ja van concebre un espai obert, no nom\u00e9s f\u00edsicament, amb unes obertures i uns eixos apuntant clarament cap a la comunicaci\u00f3 dins-fora, sin\u00f3 tamb\u00e9 conceptualment: molt abans dels debats de finals dels vuitanta sobre la necessitat d\u2019incorporar auditoris o cafeteries als museus, Sert i Mir\u00f3 ja havien previst aquests espais polivalents que convidessin els visitants a trobar-se amb el seu museu a mida, amb la <em>seva<\/em> Mir\u00f3.<\/p>\n","protected":false},"excerpt":{"rendered":"<p>A la Fundaci\u00f3 Joan Mir\u00f3 el confinament ens va agafar per sorpresa. Com a tothom. Amb molta incertesa i pocs dies de marge, el museu va posar a disposici\u00f3 dels visitants virtuals un conjunt de recursos (alguns ja existents i altres de nous) que amb el t\u00edtol de Mir\u00f3 a casa donava continu\u00eftat a la &hellip; <a href=\"https:\/\/www.fmirobcn.org\/blog\/2020\/12\/21\/miro-labast-tothom\/\" class=\"more-link\">Continua llegint <span class=\"screen-reader-text\">La Mir\u00f3 a l\u2019abast de tothom<\/span><\/a><\/p>\n","protected":false},"author":7,"featured_media":1767,"comment_status":"closed","ping_status":"closed","sticky":false,"template":"","format":"standard","meta":{"_acf_changed":false,"footnotes":""},"categories":[244,15],"tags":[373,427,428,13],"class_list":["post-1753","post","type-post","status-publish","format-standard","has-post-thumbnail","hentry","category-fundacio-joan-miro","category-proces-de-creacio","tag-accessibilitat","tag-experiencies-artistiques","tag-inspiracio","tag-projectes-en-collaboracio"],"acf":[],"yoast_head":"<!-- This site is optimized with the Yoast SEO plugin v26.1 - https:\/\/yoast.com\/wordpress\/plugins\/seo\/ -->\n<title>La Mir\u00f3 a l\u2019abast de tothom - Blog Fundaci\u00f3 Joan Mir\u00f3<\/title>\n<meta name=\"robots\" content=\"index, follow, max-snippet:-1, max-image-preview:large, max-video-preview:-1\" \/>\n<link rel=\"canonical\" href=\"https:\/\/www.fmirobcn.org\/blog\/2020\/12\/21\/miro-labast-tothom\/\" \/>\n<meta property=\"og:locale\" content=\"ca_ES\" \/>\n<meta property=\"og:type\" content=\"article\" \/>\n<meta property=\"og:title\" content=\"La Mir\u00f3 a l\u2019abast de tothom - Blog Fundaci\u00f3 Joan Mir\u00f3\" \/>\n<meta property=\"og:description\" content=\"A la Fundaci\u00f3 Joan Mir\u00f3 el confinament ens va agafar per sorpresa. Com a tothom. Amb molta incertesa i pocs dies de marge, el museu va posar a disposici\u00f3 dels visitants virtuals un conjunt de recursos (alguns ja existents i altres de nous) que amb el t\u00edtol de Mir\u00f3 a casa donava continu\u00eftat a la &hellip; Continua llegint La Mir\u00f3 a l\u2019abast de tothom\" \/>\n<meta property=\"og:url\" content=\"https:\/\/www.fmirobcn.org\/blog\/2020\/12\/21\/miro-labast-tothom\/\" \/>\n<meta property=\"og:site_name\" content=\"Blog Fundaci\u00f3 Joan Mir\u00f3\" \/>\n<meta property=\"article:published_time\" content=\"2020-12-21T11:46:52+00:00\" \/>\n<meta property=\"article:modified_time\" content=\"2024-03-14T09:15:03+00:00\" \/>\n<meta property=\"og:image\" content=\"https:\/\/www.fmirobcn.org\/blog\/wp-content\/uploads\/2020\/12\/capc\u0327alera.png\" \/>\n\t<meta property=\"og:image:width\" content=\"1110\" \/>\n\t<meta property=\"og:image:height\" content=\"630\" \/>\n\t<meta property=\"og:image:type\" content=\"image\/png\" \/>\n<meta name=\"author\" content=\"Equip de redacci\u00f3\" \/>\n<meta name=\"twitter:card\" content=\"summary_large_image\" \/>\n<meta name=\"twitter:label1\" content=\"Escrit per\" \/>\n\t<meta name=\"twitter:data1\" content=\"Equip de redacci\u00f3\" \/>\n\t<meta name=\"twitter:label2\" content=\"Temps estimat de lectura\" \/>\n\t<meta name=\"twitter:data2\" content=\"6 minuts\" \/>\n<script type=\"application\/ld+json\" class=\"yoast-schema-graph\">{\"@context\":\"https:\/\/schema.org\",\"@graph\":[{\"@type\":\"WebPage\",\"@id\":\"https:\/\/www.fmirobcn.org\/blog\/2020\/12\/21\/miro-labast-tothom\/\",\"url\":\"https:\/\/www.fmirobcn.org\/blog\/2020\/12\/21\/miro-labast-tothom\/\",\"name\":\"La Mir\u00f3 a l\u2019abast de tothom - Blog Fundaci\u00f3 Joan Mir\u00f3\",\"isPartOf\":{\"@id\":\"https:\/\/www.fmirobcn.org\/blog\/#website\"},\"primaryImageOfPage\":{\"@id\":\"https:\/\/www.fmirobcn.org\/blog\/2020\/12\/21\/miro-labast-tothom\/#primaryimage\"},\"image\":{\"@id\":\"https:\/\/www.fmirobcn.org\/blog\/2020\/12\/21\/miro-labast-tothom\/#primaryimage\"},\"thumbnailUrl\":\"https:\/\/www.fmirobcn.org\/blog\/wp-content\/uploads\/2020\/12\/capc\u0327alera.png\",\"datePublished\":\"2020-12-21T11:46:52+00:00\",\"dateModified\":\"2024-03-14T09:15:03+00:00\",\"author\":{\"@id\":\"https:\/\/www.fmirobcn.org\/blog\/#\/schema\/person\/927bcab4780baaf97f5e9bd067cc9ebd\"},\"breadcrumb\":{\"@id\":\"https:\/\/www.fmirobcn.org\/blog\/2020\/12\/21\/miro-labast-tothom\/#breadcrumb\"},\"inLanguage\":\"ca\",\"potentialAction\":[{\"@type\":\"ReadAction\",\"target\":[\"https:\/\/www.fmirobcn.org\/blog\/2020\/12\/21\/miro-labast-tothom\/\"]}]},{\"@type\":\"ImageObject\",\"inLanguage\":\"ca\",\"@id\":\"https:\/\/www.fmirobcn.org\/blog\/2020\/12\/21\/miro-labast-tothom\/#primaryimage\",\"url\":\"https:\/\/www.fmirobcn.org\/blog\/wp-content\/uploads\/2020\/12\/capc\u0327alera.png\",\"contentUrl\":\"https:\/\/www.fmirobcn.org\/blog\/wp-content\/uploads\/2020\/12\/capc\u0327alera.png\",\"width\":1110,\"height\":630},{\"@type\":\"BreadcrumbList\",\"@id\":\"https:\/\/www.fmirobcn.org\/blog\/2020\/12\/21\/miro-labast-tothom\/#breadcrumb\",\"itemListElement\":[{\"@type\":\"ListItem\",\"position\":1,\"name\":\"Inici\",\"item\":\"https:\/\/www.fmirobcn.org\/blog\/\"},{\"@type\":\"ListItem\",\"position\":2,\"name\":\"La Mir\u00f3 a l\u2019abast de tothom\"}]},{\"@type\":\"WebSite\",\"@id\":\"https:\/\/www.fmirobcn.org\/blog\/#website\",\"url\":\"https:\/\/www.fmirobcn.org\/blog\/\",\"name\":\"Blog Fundaci\u00f3 Joan Mir\u00f3\",\"description\":\"El blog de la Fundaci\u00f3 Joan Mir\u00f3 acull diverses veus que estiren els fils tem\u00e0tics de l\u2019activitat de la Fundaci\u00f3, tot expandint-ne els continguts i generant nous punts de vista sobre la creaci\u00f3, sobre Mir\u00f3 o sobre els temes relacionats amb les exposicions.\",\"potentialAction\":[{\"@type\":\"SearchAction\",\"target\":{\"@type\":\"EntryPoint\",\"urlTemplate\":\"https:\/\/www.fmirobcn.org\/blog\/?s={search_term_string}\"},\"query-input\":{\"@type\":\"PropertyValueSpecification\",\"valueRequired\":true,\"valueName\":\"search_term_string\"}}],\"inLanguage\":\"ca\"},{\"@type\":\"Person\",\"@id\":\"https:\/\/www.fmirobcn.org\/blog\/#\/schema\/person\/927bcab4780baaf97f5e9bd067cc9ebd\",\"name\":\"Equip de redacci\u00f3\",\"url\":\"https:\/\/www.fmirobcn.org\/blog\/author\/equip-fundacio-miro\/\"}]}<\/script>\n<!-- \/ Yoast SEO plugin. -->","yoast_head_json":{"title":"La Mir\u00f3 a l\u2019abast de tothom - Blog Fundaci\u00f3 Joan Mir\u00f3","robots":{"index":"index","follow":"follow","max-snippet":"max-snippet:-1","max-image-preview":"max-image-preview:large","max-video-preview":"max-video-preview:-1"},"canonical":"https:\/\/www.fmirobcn.org\/blog\/2020\/12\/21\/miro-labast-tothom\/","og_locale":"ca_ES","og_type":"article","og_title":"La Mir\u00f3 a l\u2019abast de tothom - Blog Fundaci\u00f3 Joan Mir\u00f3","og_description":"A la Fundaci\u00f3 Joan Mir\u00f3 el confinament ens va agafar per sorpresa. Com a tothom. Amb molta incertesa i pocs dies de marge, el museu va posar a disposici\u00f3 dels visitants virtuals un conjunt de recursos (alguns ja existents i altres de nous) que amb el t\u00edtol de Mir\u00f3 a casa donava continu\u00eftat a la &hellip; Continua llegint La Mir\u00f3 a l\u2019abast de tothom","og_url":"https:\/\/www.fmirobcn.org\/blog\/2020\/12\/21\/miro-labast-tothom\/","og_site_name":"Blog Fundaci\u00f3 Joan Mir\u00f3","article_published_time":"2020-12-21T11:46:52+00:00","article_modified_time":"2024-03-14T09:15:03+00:00","og_image":[{"width":1110,"height":630,"url":"https:\/\/www.fmirobcn.org\/blog\/wp-content\/uploads\/2020\/12\/capc\u0327alera.png","type":"image\/png"}],"author":"Equip de redacci\u00f3","twitter_card":"summary_large_image","twitter_misc":{"Escrit per":"Equip de redacci\u00f3","Temps estimat de lectura":"6 minuts"},"schema":{"@context":"https:\/\/schema.org","@graph":[{"@type":"WebPage","@id":"https:\/\/www.fmirobcn.org\/blog\/2020\/12\/21\/miro-labast-tothom\/","url":"https:\/\/www.fmirobcn.org\/blog\/2020\/12\/21\/miro-labast-tothom\/","name":"La Mir\u00f3 a l\u2019abast de tothom - Blog Fundaci\u00f3 Joan Mir\u00f3","isPartOf":{"@id":"https:\/\/www.fmirobcn.org\/blog\/#website"},"primaryImageOfPage":{"@id":"https:\/\/www.fmirobcn.org\/blog\/2020\/12\/21\/miro-labast-tothom\/#primaryimage"},"image":{"@id":"https:\/\/www.fmirobcn.org\/blog\/2020\/12\/21\/miro-labast-tothom\/#primaryimage"},"thumbnailUrl":"https:\/\/www.fmirobcn.org\/blog\/wp-content\/uploads\/2020\/12\/capc\u0327alera.png","datePublished":"2020-12-21T11:46:52+00:00","dateModified":"2024-03-14T09:15:03+00:00","author":{"@id":"https:\/\/www.fmirobcn.org\/blog\/#\/schema\/person\/927bcab4780baaf97f5e9bd067cc9ebd"},"breadcrumb":{"@id":"https:\/\/www.fmirobcn.org\/blog\/2020\/12\/21\/miro-labast-tothom\/#breadcrumb"},"inLanguage":"ca","potentialAction":[{"@type":"ReadAction","target":["https:\/\/www.fmirobcn.org\/blog\/2020\/12\/21\/miro-labast-tothom\/"]}]},{"@type":"ImageObject","inLanguage":"ca","@id":"https:\/\/www.fmirobcn.org\/blog\/2020\/12\/21\/miro-labast-tothom\/#primaryimage","url":"https:\/\/www.fmirobcn.org\/blog\/wp-content\/uploads\/2020\/12\/capc\u0327alera.png","contentUrl":"https:\/\/www.fmirobcn.org\/blog\/wp-content\/uploads\/2020\/12\/capc\u0327alera.png","width":1110,"height":630},{"@type":"BreadcrumbList","@id":"https:\/\/www.fmirobcn.org\/blog\/2020\/12\/21\/miro-labast-tothom\/#breadcrumb","itemListElement":[{"@type":"ListItem","position":1,"name":"Inici","item":"https:\/\/www.fmirobcn.org\/blog\/"},{"@type":"ListItem","position":2,"name":"La Mir\u00f3 a l\u2019abast de tothom"}]},{"@type":"WebSite","@id":"https:\/\/www.fmirobcn.org\/blog\/#website","url":"https:\/\/www.fmirobcn.org\/blog\/","name":"Blog Fundaci\u00f3 Joan Mir\u00f3","description":"El blog de la Fundaci\u00f3 Joan Mir\u00f3 acull diverses veus que estiren els fils tem\u00e0tics de l\u2019activitat de la Fundaci\u00f3, tot expandint-ne els continguts i generant nous punts de vista sobre la creaci\u00f3, sobre Mir\u00f3 o sobre els temes relacionats amb les exposicions.","potentialAction":[{"@type":"SearchAction","target":{"@type":"EntryPoint","urlTemplate":"https:\/\/www.fmirobcn.org\/blog\/?s={search_term_string}"},"query-input":{"@type":"PropertyValueSpecification","valueRequired":true,"valueName":"search_term_string"}}],"inLanguage":"ca"},{"@type":"Person","@id":"https:\/\/www.fmirobcn.org\/blog\/#\/schema\/person\/927bcab4780baaf97f5e9bd067cc9ebd","name":"Equip de redacci\u00f3","url":"https:\/\/www.fmirobcn.org\/blog\/author\/equip-fundacio-miro\/"}]}},"_links":{"self":[{"href":"https:\/\/www.fmirobcn.org\/blog\/wp-json\/wp\/v2\/posts\/1753","targetHints":{"allow":["GET"]}}],"collection":[{"href":"https:\/\/www.fmirobcn.org\/blog\/wp-json\/wp\/v2\/posts"}],"about":[{"href":"https:\/\/www.fmirobcn.org\/blog\/wp-json\/wp\/v2\/types\/post"}],"author":[{"embeddable":true,"href":"https:\/\/www.fmirobcn.org\/blog\/wp-json\/wp\/v2\/users\/7"}],"replies":[{"embeddable":true,"href":"https:\/\/www.fmirobcn.org\/blog\/wp-json\/wp\/v2\/comments?post=1753"}],"version-history":[{"count":9,"href":"https:\/\/www.fmirobcn.org\/blog\/wp-json\/wp\/v2\/posts\/1753\/revisions"}],"predecessor-version":[{"id":1789,"href":"https:\/\/www.fmirobcn.org\/blog\/wp-json\/wp\/v2\/posts\/1753\/revisions\/1789"}],"wp:featuredmedia":[{"embeddable":true,"href":"https:\/\/www.fmirobcn.org\/blog\/wp-json\/wp\/v2\/media\/1767"}],"wp:attachment":[{"href":"https:\/\/www.fmirobcn.org\/blog\/wp-json\/wp\/v2\/media?parent=1753"}],"wp:term":[{"taxonomy":"category","embeddable":true,"href":"https:\/\/www.fmirobcn.org\/blog\/wp-json\/wp\/v2\/categories?post=1753"},{"taxonomy":"post_tag","embeddable":true,"href":"https:\/\/www.fmirobcn.org\/blog\/wp-json\/wp\/v2\/tags?post=1753"}],"curies":[{"name":"wp","href":"https:\/\/api.w.org\/{rel}","templated":true}]}}