{"id":1979,"date":"2021-05-27T10:41:40","date_gmt":"2021-05-27T09:41:40","guid":{"rendered":"https:\/\/www.fmirobcn.org\/blog\/?p=1979"},"modified":"2024-03-14T10:15:00","modified_gmt":"2024-03-14T09:15:00","slug":"rue-blomet-espai-poesia","status":"publish","type":"post","link":"https:\/\/www.fmirobcn.org\/blog\/2021\/05\/27\/rue-blomet-espai-poesia\/","title":{"rendered":"Rue Blomet: un espai per a la poesia"},"content":{"rendered":"<p>El febrer de 1921, ara fa cent anys, Joan Mir\u00f3 s\u2019instal\u00b7la a Par\u00eds, en un estudi cedit per Pau Gargallo al n\u00famero 45 de la Rue Blomet. Par\u00eds, amb els seus museus, l\u2019efervesc\u00e8ncia cultural i les tert\u00falies liter\u00e0ries, el trasbalsa i el paralitza: \u00abJo aqu\u00ed a penes treballo; no \u00e9s possible. Sento que un m\u00f3n nou s\u2019obre al meu cervell\u00bb. Un m\u00f3n nou que descobrir\u00e0 gr\u00e0cies, en part, als poetes i escriptors que va con\u00e8ixer a trav\u00e9s del seu ve\u00ed de taller, el pintor Andr\u00e9 Masson.<\/p>\n<p>El primer encontre amb Masson va ser poc despr\u00e9s de la seva arribada a Par\u00eds. Masson recorda aix\u00ed aquella trobada: \u00abFou al caf\u00e8 de La Savoyarde, just a sota el Sacr\u00e9-C\u0153ur, on en Joan i jo ens vam con\u00e8ixer per primera vegada. [&#8230;] vam caminar l\u2019un cap a l\u2019altre i vam sentir una simpatia rec\u00edproca i la sorpresa de saber que acab\u00e0vem de llogar, tots dos, al mateix temps, un taller al n\u00famero 45 de la Rue Blomet\u00bb. Al llarg dels mesos que van viure all\u00e0, Masson i Mir\u00f3 van intimar molt i Mir\u00f3 va poder freq\u00fcentar molts dels poetes, artistes i escriptors que tant el van impressionar, entre els quals hi havia Roland Tual, Michel Leiris, Antonin Artaud, Armand Salacrou i Georges Limbour. Tots ells consideraven Masson el seu mentor degut a la seva \u00e0mplia cultura i a la cruenta experi\u00e8ncia que va viure com a soldat a la Primera Guerra Mundial.<\/p>\n<p>Mir\u00f3 recorda aquests moments en una entrevista amb James Johnson Sweeney: \u00abMasson s\u2019estava al taller del costat. Sempre va ser un gran lector ple d&#8217;idees. Comptava entre els seus amics pr\u00e0cticament tots els joves poetes del moment. Els vaig con\u00e8ixer a trav\u00e9s d&#8217;ell. I a trav\u00e9s d&#8217;ells escoltava discussions sobre poesia. Els poetes que Masson em va presentar m&#8217;interessaven m\u00e9s que els pintors que havia conegut a Par\u00eds. Estava entusiasmat amb les idees noves que aportaven i, sobretot, amb la poesia de la qual discutien. L\u2019engolia tota la nit, sobretot la poesia dins de la tradici\u00f3 de <em>Le Surm\u00e2le<\/em> de Jarry\u00bb.<\/p>\n<p>\u00abLa Rue Blomet es un lloc, un moment, decisiu per a mi. Hi he descobert tot el que soc i tot el que arribar\u00e9 a ser.\u00bb<\/p>\n<p>Per a Masson, el n\u00famero 45 de la Rue Blomet era tamb\u00e9 un espai de diversi\u00f3, i la companyonia no tenia res d\u2019intel\u00b7lectual: compartien \u00e0pats, xerraven, escoltaven m\u00fasica, ballaven i treballaven impulsats per un mateix esperit. Mir\u00f3 era part\u00edcip d\u2019aquest ambient, tant des del seu taller com des del de Masson. Les portes estaven sempre obertes i un forat a la paret mitgera encara afavoria m\u00e9s aquesta afinitat.<\/p>\n<p>Mir\u00f3 tenia una disciplina de treball molt diferent de la del seu ve\u00ed: \u00abJo tenia la mania de l&#8217;ordre i la netedat [&#8230;]. M&#8217;agradava sortir de la meva cel\u00b7la monacal per entrar a l&#8217;incre\u00efble desordre de papers, d\u2019ampolles, de llen\u00e7os, de llibres i d\u2019objectes dom\u00e8stics que poblaven l&#8217;estudi ve\u00ed. [&#8230;] Masson treballava en un estat d\u2019agitaci\u00f3. Escoltant m\u00fasica, o amb el xivarri de les converses. Jo nom\u00e9s podia treballar sol i en silenci, amb una disciplina asc\u00e8tica\u00bb.<\/p>\n<p><img loading=\"lazy\" decoding=\"async\" class=\"alignnone size-large wp-image-1991\" src=\"https:\/\/www.fmirobcn.org\/blog\/wp-content\/uploads\/2021\/05\/LlibresMir\u00f3-656x455.jpg\" alt=\"\" width=\"656\" height=\"455\" srcset=\"https:\/\/www.fmirobcn.org\/blog\/wp-content\/uploads\/2021\/05\/LlibresMir\u00f3-656x455.jpg 656w, https:\/\/www.fmirobcn.org\/blog\/wp-content\/uploads\/2021\/05\/LlibresMir\u00f3-300x208.jpg 300w, https:\/\/www.fmirobcn.org\/blog\/wp-content\/uploads\/2021\/05\/LlibresMir\u00f3-768x533.jpg 768w, https:\/\/www.fmirobcn.org\/blog\/wp-content\/uploads\/2021\/05\/LlibresMir\u00f3-533x370.jpg 533w\" sizes=\"auto, (max-width: 656px) 100vw, 656px\" \/><\/p>\n<p class=\"peu-foto\">Llibres i quadern de la biblioteca personal de Joan Mir\u00f3.<br \/>\n\u00a9 Fundaci\u00f3 Joan Mir\u00f3,\u00a0Barcelona. Fotografia: Jaume Blassi<\/p>\n<p>A la biblioteca personal de Joan Mir\u00f3, a l\u2019arxiu de la Fundaci\u00f3, hi podem trobar molts dels llibres de qu\u00e8 es parlava en aquelles reunions i dels poetes que hi assistien. Mir\u00f3, met\u00f2dic, com sempre, feia llistes als seus quaderns dels llibres dels quals s\u2019havia parlat, que ratllava quan havia aconseguit llegir-los.<\/p>\n<p>Per\u00f2, si b\u00e9 la Rue Blomet va ser un lloc de trobada d\u2019amics i companys on es discutia de pintura, de teatre o de literatura, i on es jugava als escacs, als dards o a les cartes, per a la majoria del grup, i especialment per a Mir\u00f3, va ser un viatge inici\u00e0tic i de creixement personal.<\/p>\n<p><img loading=\"lazy\" decoding=\"async\" class=\"alignnone size-large wp-image-1992\" src=\"https:\/\/www.fmirobcn.org\/blog\/wp-content\/uploads\/2021\/05\/le-corps-de-ma-brune-340x455.jpg\" alt=\"\" width=\"340\" height=\"455\" srcset=\"https:\/\/www.fmirobcn.org\/blog\/wp-content\/uploads\/2021\/05\/le-corps-de-ma-brune-340x455.jpg 340w, https:\/\/www.fmirobcn.org\/blog\/wp-content\/uploads\/2021\/05\/le-corps-de-ma-brune-224x300.jpg 224w, https:\/\/www.fmirobcn.org\/blog\/wp-content\/uploads\/2021\/05\/le-corps-de-ma-brune.jpg 500w\" sizes=\"auto, (max-width: 340px) 100vw, 340px\" \/><\/p>\n<p class=\"peu-foto\"><em>Peinture-Po\u00e8me<\/em> <em>(\u00abLe corps de ma brue puisque je l\u2019aime comme ma chatte habill\u00e9e en vert salade comme de la gr\u00eale c\u2019est pareil\u00bb)\u00a0Joan Mir\u00f3,\u00a0<\/em>1925\u00a0\u00a9 Successi\u00f3 Mir\u00f3, 2021<\/p>\n<p>L\u2019esperit de subversi\u00f3 que es viu a la Rue Blomet dona llibertat a Mir\u00f3 per utilitzar tota mena d\u2019imatges pr\u00f2pies i en pr\u00e9stec, l\u00edriques i escatol\u00f2giques, m\u00e0giques i banals. En el proc\u00e9s d\u2019estilitzaci\u00f3 i de mutaci\u00f3 que es produeix a la seva obra a partir de <em>La masia<\/em> (1921-1922) i de <em>La t<\/em><em>erra llaurada<\/em> (1924), l\u2019artista aconsegueix desprendre\u2019s de tots els convencionalismes i portar la seva pintura cap a un estat de llibertat sense precedents. L\u2019obra deixa d\u2019exercir la seva funci\u00f3 descriptiva i passa a tenir un car\u00e0cter simb\u00f2lic refor\u00e7at per la incorporaci\u00f3 de lletres i xifres, primer amb un valor purament pl\u00e0stic (<em>Sans titre<\/em>, 1924) i a poc a poc amb un valor s\u00edgnic i enunciatiu (<em>Peinture-Po\u00e8me<\/em> <em>(\u00abLe corps de ma brune puisque je l\u2019aime comme ma chatte habill\u00e9e en vert salade comme de la gr\u00eale c\u2019est pareil\u00bb)<\/em>, 1925).<\/p>\n<p>\u00abNo faig difer\u00e8ncies entre pintura i poesia\u00bb<\/p>\n<p>L\u2019encontre amb els poetes i amb la poesia \u2014com a g\u00e8nere\u2014 permet a Mir\u00f3 trobar noves vies per anar m\u00e9s enll\u00e0 de la pintura. Tots coincidien en la import\u00e0ncia que donaven a la poesia. \u00abLa poesia, en el sentit m\u00e9s ampli, tenia per a nosaltres un valor que no seria excessiu qualificar de sagrat [&#8230;]. La poesia, tant per al Joan com per a mi [Masson], era cabdal. Ser pintor-poeta era la nostra ambici\u00f3.\u00bb<\/p>\n<p><img loading=\"lazy\" decoding=\"async\" class=\"alignnone size-full wp-image-1993\" src=\"https:\/\/www.fmirobcn.org\/blog\/wp-content\/uploads\/2021\/05\/Sense-t\u00edtol_24.jpg\" alt=\"\" width=\"500\" height=\"376\" srcset=\"https:\/\/www.fmirobcn.org\/blog\/wp-content\/uploads\/2021\/05\/Sense-t\u00edtol_24.jpg 500w, https:\/\/www.fmirobcn.org\/blog\/wp-content\/uploads\/2021\/05\/Sense-t\u00edtol_24-300x226.jpg 300w\" sizes=\"auto, (max-width: 500px) 100vw, 500px\" \/><\/p>\n<p class=\"peu-foto\"><em>Sense t\u00edtol.\u00a0<\/em>Joan Mir\u00f3, 1924\u00a0\u00a9 Successi\u00f3 Mir\u00f3, 2021<br \/>\nLlapis, llapis pastel, aquarel\u00b7la, <em>collage<\/em> de segells i inscripcions a m\u00e0 damunt paper<\/p>\n<p>En el treball de Mir\u00f3, poesia \u00e9s el proc\u00e9s de destil\u00b7laci\u00f3 a qu\u00e8 s\u00f3n sotmeses les obres. De l\u2019acumulaci\u00f3 anecd\u00f2tica passa a la representaci\u00f3 simb\u00f2lica mitjan\u00e7ant un despullament lent i reflexiu que podem veure en pintures com <em>La sieste<\/em>, <em>Le sourire de ma blonde<\/em>, <em>Peinture (\u00ab48\u00bb)<\/em><em>Pintura-poema<\/em> o<em> Sense t\u00edtol<\/em>. Aquestes obres no s\u00f3n el resultat de la mimesi del gest d\u2019un altre pintor, ni de les lectures dels poetes, ni tampoc d\u2019un emmirallament casual, sin\u00f3 que \u00e9s un proc\u00e9s creatiu lent, d\u2019\u00abemulsi\u00f3 po\u00e8tica\u00bb, que incorpora a poc a poc tots aquests ingredients i que \u00e9s fruit d\u2019un treball interior de s\u00edntesi que aconsegueix portar la pintura fins a un lirisme tan eloq\u00fcent que fa que s\u2019esborrin fronteres entre la pintura i la poesia.<\/p>\n<p><img loading=\"lazy\" decoding=\"async\" class=\"alignnone size-large wp-image-1995\" src=\"https:\/\/www.fmirobcn.org\/blog\/wp-content\/uploads\/2021\/05\/la-migdiada_2-dibuixos-preparatoris-800x347.jpg\" alt=\"\" width=\"800\" height=\"347\" srcset=\"https:\/\/www.fmirobcn.org\/blog\/wp-content\/uploads\/2021\/05\/la-migdiada_2-dibuixos-preparatoris-800x347.jpg 800w, https:\/\/www.fmirobcn.org\/blog\/wp-content\/uploads\/2021\/05\/la-migdiada_2-dibuixos-preparatoris-300x130.jpg 300w, https:\/\/www.fmirobcn.org\/blog\/wp-content\/uploads\/2021\/05\/la-migdiada_2-dibuixos-preparatoris-768x333.jpg 768w, https:\/\/www.fmirobcn.org\/blog\/wp-content\/uploads\/2021\/05\/la-migdiada_2-dibuixos-preparatoris-533x231.jpg 533w\" sizes=\"auto, (max-width: 800px) 100vw, 800px\" \/><\/p>\n<p class=\"peu-foto\">Dibuixos preparatoris\u00a0de <em>La migdiada<\/em>. Joan Mir\u00f3, 1925<br \/>\nLlapis grafit damunt paper<\/p>\n<p><img loading=\"lazy\" decoding=\"async\" class=\"alignnone size-full wp-image-1996\" src=\"https:\/\/www.fmirobcn.org\/blog\/wp-content\/uploads\/2021\/05\/La-sieste.jpg\" alt=\"\" width=\"425\" height=\"331\" srcset=\"https:\/\/www.fmirobcn.org\/blog\/wp-content\/uploads\/2021\/05\/La-sieste.jpg 425w, https:\/\/www.fmirobcn.org\/blog\/wp-content\/uploads\/2021\/05\/La-sieste-300x234.jpg 300w\" sizes=\"auto, (max-width: 425px) 100vw, 425px\" \/><\/p>\n<p class=\"peu-foto\"><em>La sieste<\/em>.\u00a0Joan Mir\u00f3, 1925\u00a0\u00a9 Successi\u00f3 Mir\u00f3, 2021<\/p>\n<p>Si amb <em>La masia<\/em> el virtuosisme del detall portat a l\u2019extrem li va obrir el cam\u00ed de l\u2019estilitzaci\u00f3, la poesia \u2014en el sentit m\u00e9s etimol\u00f2gic del terme\u2014 li obrir\u00e0 la porta a un m\u00f3n infinit de signes i constel\u00b7lacions.<\/p>\n<p>El 1926 Mir\u00f3 deixa la Rue Blomet per travessar el Sena cap a la <em>rive droite <\/em>a un nou estudi a la Rue Tourlaque, i l\u2019any seg\u00fcent Masson el segueix i reconeix que \u00e9s el final d\u2019una \u00e8poca: \u00abLa Rue Blomet: tot all\u00f2 que aleshores es movia no pertanyia gens a aquest m\u00f3n. Qu\u00e8 passa? Que ara ja hem tocat terra? No em puc pas resignar a creure que estem tan perduts\u00bb. Michel Leiris tamb\u00e9 recorda el moment de desaparici\u00f3 del lloc de trobada a la Rue Blomet: \u00abVa deixar, per tant, d&#8217;existir? S\u00ed, si considerem que [&#8230;] no podia oc\u00f3rrer res m\u00e9s que una relativa dispersi\u00f3. I no, si es t\u00e9 en compte la tend\u00e8ncia [&#8230;] que va continuar representant\u00bb, tot i que la hist\u00f2ria de la gent que va formar part del grup passaria des d\u2019aquell moment a barrejar-se amb la hist\u00f2ria del surrealisme.<\/p>\n<p>Els records tamb\u00e9 acompanyaran Mir\u00f3 durant molts anys i s\u00f3n presents a les entrevistes que li van fer al llarg de tota la seva vida; pl\u00e0sticament van quedar patents a l\u2019obra <em>Peinture <\/em>(<em>\u00ab48\u00bb<\/em>), del 1927. Aquesta obra, realitzada despr\u00e9s de deixar la Rue Blomet, mostra un gran n\u00famero 48, el n\u00famero que Mir\u00f3 veia cada dia a l\u2019altra banda del carrer en sortir del seu estudi i que imita la grafia de les plaques de carrer. A l\u2019angle superior dret hi ha una taca blanca creuada per l\u00ednies negres, i est\u00e0 ple d\u2019esquitxades vermelles de pintura molt dilu\u00efda, com si fos sang. Sobre aquest quadre, Mir\u00f3 explicaria a Dupin: \u00abTamb\u00e9 vaig pintar, recordo, un enorme 48 en un llen\u00e7 molt nu. Era el n\u00famero obsessiu que m\u2019impressionava quan sortia, a l&#8217;edifici de davant, el 48 de la Rue Blomet\u00bb.<\/p>\n<p><img loading=\"lazy\" decoding=\"async\" class=\"alignnone size-large wp-image-1998\" src=\"https:\/\/www.fmirobcn.org\/blog\/wp-content\/uploads\/2021\/05\/Peinture-Po\u00e8me-48-356x455.jpg\" alt=\"\" width=\"356\" height=\"455\" srcset=\"https:\/\/www.fmirobcn.org\/blog\/wp-content\/uploads\/2021\/05\/Peinture-Po\u00e8me-48-356x455.jpg 356w, https:\/\/www.fmirobcn.org\/blog\/wp-content\/uploads\/2021\/05\/Peinture-Po\u00e8me-48-235x300.jpg 235w, https:\/\/www.fmirobcn.org\/blog\/wp-content\/uploads\/2021\/05\/Peinture-Po\u00e8me-48.jpg 500w\" sizes=\"auto, (max-width: 356px) 100vw, 356px\" \/><\/p>\n<p class=\"peu-foto\"><em>Peinture-Po\u00e8me <\/em>(<em>\u00ab48\u00bb<\/em>).\u00a0Joan Mir\u00f3 1927\u00a0\u00a9 Successi\u00f3 Mir\u00f3, 2021<br \/>\nOli i inscripcions a m\u00e0 damunt tela<\/p>\n<p>Mir\u00f3, seguir\u00e0 en contacte amb molts dels poetes del cercle de la Rue Blomet, per\u00f2 especialment amb Michel Leiris i Georges Bataille, dos dels creadors de la revista <em>Documents<\/em>, bastant cr\u00edtics amb Breton. Una mostra d\u2019aquesta amistat \u00e9s el quadre <em>Peinture-Po\u00e8me<\/em> <em>(Musique, Seine, Michel, Bataille et moi)<\/em>, del 1927, l\u2019\u00fanic que, d\u2019alguna manera, parla de la biografia de l\u2019artista, ja que recorda els passejos nocturns per la vora del Sena de tres amics, tres poetes, tres creadors d\u2019imatges.<\/p>\n<p class=\"llegenda\">Refer\u00e8ncies bibliogr\u00e0fiques:<\/p>\n<p class=\"llegenda\"><em>Epistolari catal\u00e0. Joan Mir\u00f3 1911-1945.<\/em> Barcelona: Editorial Barcino\/Fundaci\u00f3 Joan Mir\u00f3, 2009.<\/p>\n<p class=\"llegenda\">\u00abA Joan Miro pour son anniversaire\u00bb. A: Masson, Andr\u00e9. <em>Le rebelle du surr\u00e9alisme. \u00c9crits<\/em>. (Collection Savoir).<\/p>\n<p class=\"llegenda\">Rowell, Margit (ed.). <em>Joan Mir\u00f3: \u00c9crits et entretiens<\/em>. Par\u00eds: Daniel Lelong, 1995.<\/p>\n<p class=\"llegenda\">Leiris, Michel. <a href=\"https:\/\/www.fmirobcn.org\/media\/upload\/arxius\/exposicions\/oo_FJM_Leiris_Blomet-ES.pdf\">\u00ab45 Rue Blomet\u00bb. <em>Los Cuadernos del Norte<\/em>, 1982<\/a>.<\/p>\n<p>&nbsp;<\/p>\n","protected":false},"excerpt":{"rendered":"<p>El febrer de 1921, ara fa cent anys, Joan Mir\u00f3 s\u2019instal\u00b7la a Par\u00eds, en un estudi cedit per Pau Gargallo al n\u00famero 45 de la Rue Blomet. Par\u00eds, amb els seus museus, l\u2019efervesc\u00e8ncia cultural i les tert\u00falies liter\u00e0ries, el trasbalsa i el paralitza: \u00abJo aqu\u00ed a penes treballo; no \u00e9s possible. Sento que un m\u00f3n &hellip; <a href=\"https:\/\/www.fmirobcn.org\/blog\/2021\/05\/27\/rue-blomet-espai-poesia\/\" class=\"more-link\">Continua llegint <span class=\"screen-reader-text\">Rue Blomet: un espai per a la poesia<\/span><\/a><\/p>\n","protected":false},"author":58,"featured_media":1983,"comment_status":"closed","ping_status":"closed","sticky":false,"template":"","format":"standard","meta":{"_acf_changed":false,"footnotes":""},"categories":[442,146,92,10],"tags":[18,95,400,459],"class_list":["post-1979","post","type-post","status-publish","format-standard","has-post-thumbnail","hentry","category-arxiu-joan-miro","category-colleccio","category-exposicions","category-miro","tag-arxiu","tag-avantguardes","tag-joan-miro","tag-tallers-dartista"],"acf":[],"yoast_head":"<!-- This site is optimized with the Yoast SEO plugin v26.1 - https:\/\/yoast.com\/wordpress\/plugins\/seo\/ -->\n<title>Rue Blomet: un espai per a la poesia - Blog Fundaci\u00f3 Joan Mir\u00f3<\/title>\n<meta name=\"robots\" content=\"index, follow, max-snippet:-1, max-image-preview:large, max-video-preview:-1\" \/>\n<link rel=\"canonical\" href=\"https:\/\/www.fmirobcn.org\/blog\/2021\/05\/27\/rue-blomet-espai-poesia\/\" \/>\n<meta property=\"og:locale\" content=\"ca_ES\" \/>\n<meta property=\"og:type\" content=\"article\" \/>\n<meta property=\"og:title\" content=\"Rue Blomet: un espai per a la poesia - Blog Fundaci\u00f3 Joan Mir\u00f3\" \/>\n<meta property=\"og:description\" content=\"El febrer de 1921, ara fa cent anys, Joan Mir\u00f3 s\u2019instal\u00b7la a Par\u00eds, en un estudi cedit per Pau Gargallo al n\u00famero 45 de la Rue Blomet. Par\u00eds, amb els seus museus, l\u2019efervesc\u00e8ncia cultural i les tert\u00falies liter\u00e0ries, el trasbalsa i el paralitza: \u00abJo aqu\u00ed a penes treballo; no \u00e9s possible. Sento que un m\u00f3n &hellip; Continua llegint Rue Blomet: un espai per a la poesia\" \/>\n<meta property=\"og:url\" content=\"https:\/\/www.fmirobcn.org\/blog\/2021\/05\/27\/rue-blomet-espai-poesia\/\" \/>\n<meta property=\"og:site_name\" content=\"Blog Fundaci\u00f3 Joan Mir\u00f3\" \/>\n<meta property=\"article:published_time\" content=\"2021-05-27T09:41:40+00:00\" \/>\n<meta property=\"article:modified_time\" content=\"2024-03-14T09:15:00+00:00\" \/>\n<meta property=\"og:image\" content=\"https:\/\/www.fmirobcn.org\/blog\/wp-content\/uploads\/2021\/05\/mir00266cd00000p000.jpg\" \/>\n\t<meta property=\"og:image:width\" content=\"950\" \/>\n\t<meta property=\"og:image:height\" content=\"752\" \/>\n\t<meta property=\"og:image:type\" content=\"image\/jpeg\" \/>\n<meta name=\"author\" content=\"Anna No\u00eblle i Merc\u00e8 Sabart\u00e9s\" \/>\n<meta name=\"twitter:card\" content=\"summary_large_image\" \/>\n<meta name=\"twitter:label1\" content=\"Escrit per\" \/>\n\t<meta name=\"twitter:data1\" content=\"Anna No\u00eblle i Merc\u00e8 Sabart\u00e9s\" \/>\n\t<meta name=\"twitter:label2\" content=\"Temps estimat de lectura\" \/>\n\t<meta name=\"twitter:data2\" content=\"8 minuts\" \/>\n<script type=\"application\/ld+json\" class=\"yoast-schema-graph\">{\"@context\":\"https:\/\/schema.org\",\"@graph\":[{\"@type\":\"WebPage\",\"@id\":\"https:\/\/www.fmirobcn.org\/blog\/2021\/05\/27\/rue-blomet-espai-poesia\/\",\"url\":\"https:\/\/www.fmirobcn.org\/blog\/2021\/05\/27\/rue-blomet-espai-poesia\/\",\"name\":\"Rue Blomet: un espai per a la poesia - Blog Fundaci\u00f3 Joan Mir\u00f3\",\"isPartOf\":{\"@id\":\"https:\/\/www.fmirobcn.org\/blog\/#website\"},\"primaryImageOfPage\":{\"@id\":\"https:\/\/www.fmirobcn.org\/blog\/2021\/05\/27\/rue-blomet-espai-poesia\/#primaryimage\"},\"image\":{\"@id\":\"https:\/\/www.fmirobcn.org\/blog\/2021\/05\/27\/rue-blomet-espai-poesia\/#primaryimage\"},\"thumbnailUrl\":\"https:\/\/www.fmirobcn.org\/blog\/wp-content\/uploads\/2021\/05\/mir00266cd00000p000.jpg\",\"datePublished\":\"2021-05-27T09:41:40+00:00\",\"dateModified\":\"2024-03-14T09:15:00+00:00\",\"author\":{\"@id\":\"https:\/\/www.fmirobcn.org\/blog\/#\/schema\/person\/6cbadd7150ced635e73d7e2a38846931\"},\"breadcrumb\":{\"@id\":\"https:\/\/www.fmirobcn.org\/blog\/2021\/05\/27\/rue-blomet-espai-poesia\/#breadcrumb\"},\"inLanguage\":\"ca\",\"potentialAction\":[{\"@type\":\"ReadAction\",\"target\":[\"https:\/\/www.fmirobcn.org\/blog\/2021\/05\/27\/rue-blomet-espai-poesia\/\"]}]},{\"@type\":\"ImageObject\",\"inLanguage\":\"ca\",\"@id\":\"https:\/\/www.fmirobcn.org\/blog\/2021\/05\/27\/rue-blomet-espai-poesia\/#primaryimage\",\"url\":\"https:\/\/www.fmirobcn.org\/blog\/wp-content\/uploads\/2021\/05\/mir00266cd00000p000.jpg\",\"contentUrl\":\"https:\/\/www.fmirobcn.org\/blog\/wp-content\/uploads\/2021\/05\/mir00266cd00000p000.jpg\",\"width\":950,\"height\":752},{\"@type\":\"BreadcrumbList\",\"@id\":\"https:\/\/www.fmirobcn.org\/blog\/2021\/05\/27\/rue-blomet-espai-poesia\/#breadcrumb\",\"itemListElement\":[{\"@type\":\"ListItem\",\"position\":1,\"name\":\"Inici\",\"item\":\"https:\/\/www.fmirobcn.org\/blog\/\"},{\"@type\":\"ListItem\",\"position\":2,\"name\":\"Rue Blomet: un espai per a la poesia\"}]},{\"@type\":\"WebSite\",\"@id\":\"https:\/\/www.fmirobcn.org\/blog\/#website\",\"url\":\"https:\/\/www.fmirobcn.org\/blog\/\",\"name\":\"Blog Fundaci\u00f3 Joan Mir\u00f3\",\"description\":\"El blog de la Fundaci\u00f3 Joan Mir\u00f3 acull diverses veus que estiren els fils tem\u00e0tics de l\u2019activitat de la Fundaci\u00f3, tot expandint-ne els continguts i generant nous punts de vista sobre la creaci\u00f3, sobre Mir\u00f3 o sobre els temes relacionats amb les exposicions.\",\"potentialAction\":[{\"@type\":\"SearchAction\",\"target\":{\"@type\":\"EntryPoint\",\"urlTemplate\":\"https:\/\/www.fmirobcn.org\/blog\/?s={search_term_string}\"},\"query-input\":{\"@type\":\"PropertyValueSpecification\",\"valueRequired\":true,\"valueName\":\"search_term_string\"}}],\"inLanguage\":\"ca\"},{\"@type\":\"Person\",\"@id\":\"https:\/\/www.fmirobcn.org\/blog\/#\/schema\/person\/6cbadd7150ced635e73d7e2a38846931\",\"name\":\"Anna No\u00eblle i Merc\u00e8 Sabart\u00e9s\",\"url\":\"https:\/\/www.fmirobcn.org\/blog\/author\/anna-noelle-i-merce-sabartes\/\"}]}<\/script>\n<!-- \/ Yoast SEO plugin. -->","yoast_head_json":{"title":"Rue Blomet: un espai per a la poesia - Blog Fundaci\u00f3 Joan Mir\u00f3","robots":{"index":"index","follow":"follow","max-snippet":"max-snippet:-1","max-image-preview":"max-image-preview:large","max-video-preview":"max-video-preview:-1"},"canonical":"https:\/\/www.fmirobcn.org\/blog\/2021\/05\/27\/rue-blomet-espai-poesia\/","og_locale":"ca_ES","og_type":"article","og_title":"Rue Blomet: un espai per a la poesia - Blog Fundaci\u00f3 Joan Mir\u00f3","og_description":"El febrer de 1921, ara fa cent anys, Joan Mir\u00f3 s\u2019instal\u00b7la a Par\u00eds, en un estudi cedit per Pau Gargallo al n\u00famero 45 de la Rue Blomet. Par\u00eds, amb els seus museus, l\u2019efervesc\u00e8ncia cultural i les tert\u00falies liter\u00e0ries, el trasbalsa i el paralitza: \u00abJo aqu\u00ed a penes treballo; no \u00e9s possible. Sento que un m\u00f3n &hellip; Continua llegint Rue Blomet: un espai per a la poesia","og_url":"https:\/\/www.fmirobcn.org\/blog\/2021\/05\/27\/rue-blomet-espai-poesia\/","og_site_name":"Blog Fundaci\u00f3 Joan Mir\u00f3","article_published_time":"2021-05-27T09:41:40+00:00","article_modified_time":"2024-03-14T09:15:00+00:00","og_image":[{"width":950,"height":752,"url":"https:\/\/www.fmirobcn.org\/blog\/wp-content\/uploads\/2021\/05\/mir00266cd00000p000.jpg","type":"image\/jpeg"}],"author":"Anna No\u00eblle i Merc\u00e8 Sabart\u00e9s","twitter_card":"summary_large_image","twitter_misc":{"Escrit per":"Anna No\u00eblle i Merc\u00e8 Sabart\u00e9s","Temps estimat de lectura":"8 minuts"},"schema":{"@context":"https:\/\/schema.org","@graph":[{"@type":"WebPage","@id":"https:\/\/www.fmirobcn.org\/blog\/2021\/05\/27\/rue-blomet-espai-poesia\/","url":"https:\/\/www.fmirobcn.org\/blog\/2021\/05\/27\/rue-blomet-espai-poesia\/","name":"Rue Blomet: un espai per a la poesia - Blog Fundaci\u00f3 Joan Mir\u00f3","isPartOf":{"@id":"https:\/\/www.fmirobcn.org\/blog\/#website"},"primaryImageOfPage":{"@id":"https:\/\/www.fmirobcn.org\/blog\/2021\/05\/27\/rue-blomet-espai-poesia\/#primaryimage"},"image":{"@id":"https:\/\/www.fmirobcn.org\/blog\/2021\/05\/27\/rue-blomet-espai-poesia\/#primaryimage"},"thumbnailUrl":"https:\/\/www.fmirobcn.org\/blog\/wp-content\/uploads\/2021\/05\/mir00266cd00000p000.jpg","datePublished":"2021-05-27T09:41:40+00:00","dateModified":"2024-03-14T09:15:00+00:00","author":{"@id":"https:\/\/www.fmirobcn.org\/blog\/#\/schema\/person\/6cbadd7150ced635e73d7e2a38846931"},"breadcrumb":{"@id":"https:\/\/www.fmirobcn.org\/blog\/2021\/05\/27\/rue-blomet-espai-poesia\/#breadcrumb"},"inLanguage":"ca","potentialAction":[{"@type":"ReadAction","target":["https:\/\/www.fmirobcn.org\/blog\/2021\/05\/27\/rue-blomet-espai-poesia\/"]}]},{"@type":"ImageObject","inLanguage":"ca","@id":"https:\/\/www.fmirobcn.org\/blog\/2021\/05\/27\/rue-blomet-espai-poesia\/#primaryimage","url":"https:\/\/www.fmirobcn.org\/blog\/wp-content\/uploads\/2021\/05\/mir00266cd00000p000.jpg","contentUrl":"https:\/\/www.fmirobcn.org\/blog\/wp-content\/uploads\/2021\/05\/mir00266cd00000p000.jpg","width":950,"height":752},{"@type":"BreadcrumbList","@id":"https:\/\/www.fmirobcn.org\/blog\/2021\/05\/27\/rue-blomet-espai-poesia\/#breadcrumb","itemListElement":[{"@type":"ListItem","position":1,"name":"Inici","item":"https:\/\/www.fmirobcn.org\/blog\/"},{"@type":"ListItem","position":2,"name":"Rue Blomet: un espai per a la poesia"}]},{"@type":"WebSite","@id":"https:\/\/www.fmirobcn.org\/blog\/#website","url":"https:\/\/www.fmirobcn.org\/blog\/","name":"Blog Fundaci\u00f3 Joan Mir\u00f3","description":"El blog de la Fundaci\u00f3 Joan Mir\u00f3 acull diverses veus que estiren els fils tem\u00e0tics de l\u2019activitat de la Fundaci\u00f3, tot expandint-ne els continguts i generant nous punts de vista sobre la creaci\u00f3, sobre Mir\u00f3 o sobre els temes relacionats amb les exposicions.","potentialAction":[{"@type":"SearchAction","target":{"@type":"EntryPoint","urlTemplate":"https:\/\/www.fmirobcn.org\/blog\/?s={search_term_string}"},"query-input":{"@type":"PropertyValueSpecification","valueRequired":true,"valueName":"search_term_string"}}],"inLanguage":"ca"},{"@type":"Person","@id":"https:\/\/www.fmirobcn.org\/blog\/#\/schema\/person\/6cbadd7150ced635e73d7e2a38846931","name":"Anna No\u00eblle i Merc\u00e8 Sabart\u00e9s","url":"https:\/\/www.fmirobcn.org\/blog\/author\/anna-noelle-i-merce-sabartes\/"}]}},"_links":{"self":[{"href":"https:\/\/www.fmirobcn.org\/blog\/wp-json\/wp\/v2\/posts\/1979","targetHints":{"allow":["GET"]}}],"collection":[{"href":"https:\/\/www.fmirobcn.org\/blog\/wp-json\/wp\/v2\/posts"}],"about":[{"href":"https:\/\/www.fmirobcn.org\/blog\/wp-json\/wp\/v2\/types\/post"}],"author":[{"embeddable":true,"href":"https:\/\/www.fmirobcn.org\/blog\/wp-json\/wp\/v2\/users\/58"}],"replies":[{"embeddable":true,"href":"https:\/\/www.fmirobcn.org\/blog\/wp-json\/wp\/v2\/comments?post=1979"}],"version-history":[{"count":8,"href":"https:\/\/www.fmirobcn.org\/blog\/wp-json\/wp\/v2\/posts\/1979\/revisions"}],"predecessor-version":[{"id":2006,"href":"https:\/\/www.fmirobcn.org\/blog\/wp-json\/wp\/v2\/posts\/1979\/revisions\/2006"}],"wp:featuredmedia":[{"embeddable":true,"href":"https:\/\/www.fmirobcn.org\/blog\/wp-json\/wp\/v2\/media\/1983"}],"wp:attachment":[{"href":"https:\/\/www.fmirobcn.org\/blog\/wp-json\/wp\/v2\/media?parent=1979"}],"wp:term":[{"taxonomy":"category","embeddable":true,"href":"https:\/\/www.fmirobcn.org\/blog\/wp-json\/wp\/v2\/categories?post=1979"},{"taxonomy":"post_tag","embeddable":true,"href":"https:\/\/www.fmirobcn.org\/blog\/wp-json\/wp\/v2\/tags?post=1979"}],"curies":[{"name":"wp","href":"https:\/\/api.w.org\/{rel}","templated":true}]}}