{"id":338,"date":"2017-01-24T12:01:17","date_gmt":"2017-01-24T11:01:17","guid":{"rendered":"http:\/\/www.fmirobcn.org\/blog\/?p=338\/"},"modified":"2024-03-14T10:16:57","modified_gmt":"2024-03-14T09:16:57","slug":"respuestas-en-una-exposicion","status":"publish","type":"post","link":"https:\/\/www.fmirobcn.org\/blog\/2017\/01\/24\/respuestas-en-una-exposicion\/","title":{"rendered":"Respuestas en una exposici\u00f3n"},"content":{"rendered":"<p>Durant els mesos de juliol a setembre em van convidar a exposar a l&#8217;Espai 13 de la Fundaci\u00f3 Joan Mir\u00f3, dins del cicle <em>Quan les l\u00ednies s\u00f3n temps<\/em>, comissariat per Mart\u00ed Manen. Vaig mirar de respondre a la pregunta de si es pot fer un moviment continu. O si podem allargar un moment que sabem que s&#8217;acabar\u00e0. I com convivim amb aquesta existencial repetici\u00f3 en el nostre dia a dia i breguem amb aquelles accions que ja sabem per endavant que fracassaran per\u00f2 aix\u00ed i tot s&#8217;han de fer.<\/p>\n<p>Com (amb un cos) podem intentar fer un moviment infinit.<img loading=\"lazy\" decoding=\"async\" class=\"alignnone size-full wp-image-340\" src=\"http:\/\/www.fmirobcn.org\/blog\/wp-content\/uploads\/2017\/01\/Rosana-Antoli.-Eternal-Return-of-the-Same.-10\u201927\u2019\u2019.-HD-1920-x-1080.-Barcelona-London.-2016.jpg\" alt=\"\" width=\"3543\" height=\"2030\" srcset=\"https:\/\/www.fmirobcn.org\/blog\/wp-content\/uploads\/2017\/01\/Rosana-Antoli.-Eternal-Return-of-the-Same.-10\u201927\u2019\u2019.-HD-1920-x-1080.-Barcelona-London.-2016.jpg 3543w, https:\/\/www.fmirobcn.org\/blog\/wp-content\/uploads\/2017\/01\/Rosana-Antoli.-Eternal-Return-of-the-Same.-10\u201927\u2019\u2019.-HD-1920-x-1080.-Barcelona-London.-2016-300x172.jpg 300w, https:\/\/www.fmirobcn.org\/blog\/wp-content\/uploads\/2017\/01\/Rosana-Antoli.-Eternal-Return-of-the-Same.-10\u201927\u2019\u2019.-HD-1920-x-1080.-Barcelona-London.-2016-768x440.jpg 768w, https:\/\/www.fmirobcn.org\/blog\/wp-content\/uploads\/2017\/01\/Rosana-Antoli.-Eternal-Return-of-the-Same.-10\u201927\u2019\u2019.-HD-1920-x-1080.-Barcelona-London.-2016-794x455.jpg 794w, https:\/\/www.fmirobcn.org\/blog\/wp-content\/uploads\/2017\/01\/Rosana-Antoli.-Eternal-Return-of-the-Same.-10\u201927\u2019\u2019.-HD-1920-x-1080.-Barcelona-London.-2016-400x228.jpg 400w, https:\/\/www.fmirobcn.org\/blog\/wp-content\/uploads\/2017\/01\/Rosana-Antoli.-Eternal-Return-of-the-Same.-10\u201927\u2019\u2019.-HD-1920-x-1080.-Barcelona-London.-2016-533x305.jpg 533w\" sizes=\"auto, (max-width: 3543px) 100vw, 3543px\" \/><\/p>\n<p class=\"peu-foto\">Rosana Antol\u00ed. <em>Eternal Return of the Same<\/em>. 10\u201927\u2019\u2019. HD 1920 x 1080. Barcelona-Londres. 2016<\/p>\n<p>Vaig plantejar tota una exposici\u00f3 en la qual els diferents mitjans formals que utilitzava \u2014la pintura, el dibuix, l&#8217;escultura, els v\u00eddeos o la <em>performance<\/em>\u2014 fossin part entre tots d&#8217;una mateixa coreografia.<\/p>\n<p>Vaig posar a un mateix nivell els objectes, els <em>performers<\/em>, els visitants, i vaig for\u00e7ar una mica m\u00e9s el concepte d&#8217;\u00abincertesa\u00bb, fent que els <em>performers<\/em> no fossin tots triats per mi, sin\u00f3 que vaig fer una proposta oberta al p\u00fablic perqu\u00e8 hi particip\u00e9s, ja que vaig veure que aleshores podrien emergir relacions imprevistes.<\/p>\n<div class=\"video-container\"><iframe loading=\"lazy\" width=\"800\" height=\"450\" src=\"https:\/\/www.youtube.com\/embed\/mr4jSwoSasE?feature=oembed\" frameborder=\"0\" allowfullscreen><\/iframe><\/div>\n<p>El llibre que presentar\u00e9 el dia 26 de gener a la Fundaci\u00f3 Joan Mir\u00f3, <em>Respuestas en una exposici\u00f3n<\/em>, recull totes les accions performatives que hi van tenir lloc durant la meva exposici\u00f3, tant les respostes que hi va haver <em>in situ<\/em> dins de la sala com les que es van donar en <em>streaming<\/em>. Diferents respostes per a un mateix concepte.<\/p>\n<p>Una de les intencions d&#8217;aquesta publicaci\u00f3 \u00e9s rec\u00f3rrer a la tangibilitat per a una cosa que va ser tan ef\u00edmera com aquelles respostes performatives que es van donar a l&#8217;Espai 13. M&#8217;interessa poder reflexionar sobre els conceptes de moviment dins del museu, tant de les peces exposades com del ritme expositiu generat.<\/p>\n<p>L&#8217;acte de convidar la gent a participar-hi i fer que la mostra sigui tamb\u00e9 seva fa que es doni un car\u00e0cter mai tancat a l&#8217;exposici\u00f3, ja que pot ser constantment revisitada i pensada per altres. L&#8217;exposici\u00f3 s&#8217;obre a ser una plataforma d&#8217;intercanvi i un lloc per a la continu\u00eftat visual del moviment.<\/p>\n","protected":false},"excerpt":{"rendered":"<p>Durant els mesos de juliol a setembre em van convidar a exposar a l&#8217;Espai 13 de la Fundaci\u00f3 Joan Mir\u00f3, dins del cicle Quan les l\u00ednies s\u00f3n temps, comissariat per Mart\u00ed Manen. Vaig mirar de respondre a la pregunta de si es pot fer un moviment continu. O si podem allargar un moment que sabem &hellip; <a href=\"https:\/\/www.fmirobcn.org\/blog\/2017\/01\/24\/respuestas-en-una-exposicion\/\" class=\"more-link\">Continua llegint <span class=\"screen-reader-text\">Respuestas en una exposici\u00f3n<\/span><\/a><\/p>\n","protected":false},"author":14,"featured_media":339,"comment_status":"closed","ping_status":"closed","sticky":false,"template":"","format":"standard","meta":{"_acf_changed":false,"footnotes":""},"categories":[36,15],"tags":[109,107,111],"class_list":["post-338","post","type-post","status-publish","format-standard","has-post-thumbnail","hentry","category-espai-13","category-proces-de-creacio","tag-marti-manen","tag-performance","tag-quan-les-linies-son-temps"],"acf":[],"yoast_head":"<!-- This site is optimized with the Yoast SEO plugin v26.1 - https:\/\/yoast.com\/wordpress\/plugins\/seo\/ -->\n<title>Respuestas en una exposici\u00f3n - Blog Fundaci\u00f3 Joan Mir\u00f3<\/title>\n<meta name=\"robots\" content=\"index, follow, max-snippet:-1, max-image-preview:large, max-video-preview:-1\" \/>\n<link rel=\"canonical\" href=\"https:\/\/www.fmirobcn.org\/blog\/2017\/01\/24\/respuestas-en-una-exposicion\/\" \/>\n<meta property=\"og:locale\" content=\"ca_ES\" \/>\n<meta property=\"og:type\" content=\"article\" \/>\n<meta property=\"og:title\" content=\"Respuestas en una exposici\u00f3n - Blog Fundaci\u00f3 Joan Mir\u00f3\" \/>\n<meta property=\"og:description\" content=\"Durant els mesos de juliol a setembre em van convidar a exposar a l&#8217;Espai 13 de la Fundaci\u00f3 Joan Mir\u00f3, dins del cicle Quan les l\u00ednies s\u00f3n temps, comissariat per Mart\u00ed Manen. Vaig mirar de respondre a la pregunta de si es pot fer un moviment continu. O si podem allargar un moment que sabem &hellip; Continua llegint Respuestas en una exposici\u00f3n\" \/>\n<meta property=\"og:url\" content=\"https:\/\/www.fmirobcn.org\/blog\/2017\/01\/24\/respuestas-en-una-exposicion\/\" \/>\n<meta property=\"og:site_name\" content=\"Blog Fundaci\u00f3 Joan Mir\u00f3\" \/>\n<meta property=\"article:published_time\" content=\"2017-01-24T11:01:17+00:00\" \/>\n<meta property=\"article:modified_time\" content=\"2024-03-14T09:16:57+00:00\" \/>\n<meta property=\"og:image\" content=\"https:\/\/www.fmirobcn.org\/blog\/wp-content\/uploads\/2017\/01\/Rosana-Antoli.-Everything-is-circular-until-is-not.-3\u201947\u2019\u2019.-HD-1920-x-1080.-Barcelona.-2016.-B.jpg\" \/>\n\t<meta property=\"og:image:width\" content=\"4724\" \/>\n\t<meta property=\"og:image:height\" content=\"2678\" \/>\n\t<meta property=\"og:image:type\" content=\"image\/jpeg\" \/>\n<meta name=\"author\" content=\"Rosana Antol\u00ed\" \/>\n<meta name=\"twitter:card\" content=\"summary_large_image\" \/>\n<meta name=\"twitter:label1\" content=\"Escrit per\" \/>\n\t<meta name=\"twitter:data1\" content=\"Rosana Antol\u00ed\" \/>\n\t<meta name=\"twitter:label2\" content=\"Temps estimat de lectura\" \/>\n\t<meta name=\"twitter:data2\" content=\"2 minuts\" \/>\n<script type=\"application\/ld+json\" class=\"yoast-schema-graph\">{\"@context\":\"https:\/\/schema.org\",\"@graph\":[{\"@type\":\"WebPage\",\"@id\":\"https:\/\/www.fmirobcn.org\/blog\/2017\/01\/24\/respuestas-en-una-exposicion\/\",\"url\":\"https:\/\/www.fmirobcn.org\/blog\/2017\/01\/24\/respuestas-en-una-exposicion\/\",\"name\":\"Respuestas en una exposici\u00f3n - Blog Fundaci\u00f3 Joan Mir\u00f3\",\"isPartOf\":{\"@id\":\"https:\/\/www.fmirobcn.org\/blog\/#website\"},\"primaryImageOfPage\":{\"@id\":\"https:\/\/www.fmirobcn.org\/blog\/2017\/01\/24\/respuestas-en-una-exposicion\/#primaryimage\"},\"image\":{\"@id\":\"https:\/\/www.fmirobcn.org\/blog\/2017\/01\/24\/respuestas-en-una-exposicion\/#primaryimage\"},\"thumbnailUrl\":\"https:\/\/www.fmirobcn.org\/blog\/wp-content\/uploads\/2017\/01\/Rosana-Antoli.-Everything-is-circular-until-is-not.-3\u201947\u2019\u2019.-HD-1920-x-1080.-Barcelona.-2016.-B.jpg\",\"datePublished\":\"2017-01-24T11:01:17+00:00\",\"dateModified\":\"2024-03-14T09:16:57+00:00\",\"author\":{\"@id\":\"https:\/\/www.fmirobcn.org\/blog\/#\/schema\/person\/c39b9f748fae20ed41c0487a2292a815\"},\"breadcrumb\":{\"@id\":\"https:\/\/www.fmirobcn.org\/blog\/2017\/01\/24\/respuestas-en-una-exposicion\/#breadcrumb\"},\"inLanguage\":\"ca\",\"potentialAction\":[{\"@type\":\"ReadAction\",\"target\":[\"https:\/\/www.fmirobcn.org\/blog\/2017\/01\/24\/respuestas-en-una-exposicion\/\"]}]},{\"@type\":\"ImageObject\",\"inLanguage\":\"ca\",\"@id\":\"https:\/\/www.fmirobcn.org\/blog\/2017\/01\/24\/respuestas-en-una-exposicion\/#primaryimage\",\"url\":\"https:\/\/www.fmirobcn.org\/blog\/wp-content\/uploads\/2017\/01\/Rosana-Antoli.-Everything-is-circular-until-is-not.-3\u201947\u2019\u2019.-HD-1920-x-1080.-Barcelona.-2016.-B.jpg\",\"contentUrl\":\"https:\/\/www.fmirobcn.org\/blog\/wp-content\/uploads\/2017\/01\/Rosana-Antoli.-Everything-is-circular-until-is-not.-3\u201947\u2019\u2019.-HD-1920-x-1080.-Barcelona.-2016.-B.jpg\",\"width\":4724,\"height\":2678},{\"@type\":\"BreadcrumbList\",\"@id\":\"https:\/\/www.fmirobcn.org\/blog\/2017\/01\/24\/respuestas-en-una-exposicion\/#breadcrumb\",\"itemListElement\":[{\"@type\":\"ListItem\",\"position\":1,\"name\":\"Inici\",\"item\":\"https:\/\/www.fmirobcn.org\/blog\/\"},{\"@type\":\"ListItem\",\"position\":2,\"name\":\"Respuestas en una exposici\u00f3n\"}]},{\"@type\":\"WebSite\",\"@id\":\"https:\/\/www.fmirobcn.org\/blog\/#website\",\"url\":\"https:\/\/www.fmirobcn.org\/blog\/\",\"name\":\"Blog Fundaci\u00f3 Joan Mir\u00f3\",\"description\":\"El blog de la Fundaci\u00f3 Joan Mir\u00f3 acull diverses veus que estiren els fils tem\u00e0tics de l\u2019activitat de la Fundaci\u00f3, tot expandint-ne els continguts i generant nous punts de vista sobre la creaci\u00f3, sobre Mir\u00f3 o sobre els temes relacionats amb les exposicions.\",\"potentialAction\":[{\"@type\":\"SearchAction\",\"target\":{\"@type\":\"EntryPoint\",\"urlTemplate\":\"https:\/\/www.fmirobcn.org\/blog\/?s={search_term_string}\"},\"query-input\":{\"@type\":\"PropertyValueSpecification\",\"valueRequired\":true,\"valueName\":\"search_term_string\"}}],\"inLanguage\":\"ca\"},{\"@type\":\"Person\",\"@id\":\"https:\/\/www.fmirobcn.org\/blog\/#\/schema\/person\/c39b9f748fae20ed41c0487a2292a815\",\"name\":\"Rosana Antol\u00ed\",\"url\":\"https:\/\/www.fmirobcn.org\/blog\/author\/rosana-antoli\/\"}]}<\/script>\n<!-- \/ Yoast SEO plugin. -->","yoast_head_json":{"title":"Respuestas en una exposici\u00f3n - Blog Fundaci\u00f3 Joan Mir\u00f3","robots":{"index":"index","follow":"follow","max-snippet":"max-snippet:-1","max-image-preview":"max-image-preview:large","max-video-preview":"max-video-preview:-1"},"canonical":"https:\/\/www.fmirobcn.org\/blog\/2017\/01\/24\/respuestas-en-una-exposicion\/","og_locale":"ca_ES","og_type":"article","og_title":"Respuestas en una exposici\u00f3n - Blog Fundaci\u00f3 Joan Mir\u00f3","og_description":"Durant els mesos de juliol a setembre em van convidar a exposar a l&#8217;Espai 13 de la Fundaci\u00f3 Joan Mir\u00f3, dins del cicle Quan les l\u00ednies s\u00f3n temps, comissariat per Mart\u00ed Manen. Vaig mirar de respondre a la pregunta de si es pot fer un moviment continu. O si podem allargar un moment que sabem &hellip; Continua llegint Respuestas en una exposici\u00f3n","og_url":"https:\/\/www.fmirobcn.org\/blog\/2017\/01\/24\/respuestas-en-una-exposicion\/","og_site_name":"Blog Fundaci\u00f3 Joan Mir\u00f3","article_published_time":"2017-01-24T11:01:17+00:00","article_modified_time":"2024-03-14T09:16:57+00:00","og_image":[{"width":4724,"height":2678,"url":"https:\/\/www.fmirobcn.org\/blog\/wp-content\/uploads\/2017\/01\/Rosana-Antoli.-Everything-is-circular-until-is-not.-3\u201947\u2019\u2019.-HD-1920-x-1080.-Barcelona.-2016.-B.jpg","type":"image\/jpeg"}],"author":"Rosana Antol\u00ed","twitter_card":"summary_large_image","twitter_misc":{"Escrit per":"Rosana Antol\u00ed","Temps estimat de lectura":"2 minuts"},"schema":{"@context":"https:\/\/schema.org","@graph":[{"@type":"WebPage","@id":"https:\/\/www.fmirobcn.org\/blog\/2017\/01\/24\/respuestas-en-una-exposicion\/","url":"https:\/\/www.fmirobcn.org\/blog\/2017\/01\/24\/respuestas-en-una-exposicion\/","name":"Respuestas en una exposici\u00f3n - Blog Fundaci\u00f3 Joan Mir\u00f3","isPartOf":{"@id":"https:\/\/www.fmirobcn.org\/blog\/#website"},"primaryImageOfPage":{"@id":"https:\/\/www.fmirobcn.org\/blog\/2017\/01\/24\/respuestas-en-una-exposicion\/#primaryimage"},"image":{"@id":"https:\/\/www.fmirobcn.org\/blog\/2017\/01\/24\/respuestas-en-una-exposicion\/#primaryimage"},"thumbnailUrl":"https:\/\/www.fmirobcn.org\/blog\/wp-content\/uploads\/2017\/01\/Rosana-Antoli.-Everything-is-circular-until-is-not.-3\u201947\u2019\u2019.-HD-1920-x-1080.-Barcelona.-2016.-B.jpg","datePublished":"2017-01-24T11:01:17+00:00","dateModified":"2024-03-14T09:16:57+00:00","author":{"@id":"https:\/\/www.fmirobcn.org\/blog\/#\/schema\/person\/c39b9f748fae20ed41c0487a2292a815"},"breadcrumb":{"@id":"https:\/\/www.fmirobcn.org\/blog\/2017\/01\/24\/respuestas-en-una-exposicion\/#breadcrumb"},"inLanguage":"ca","potentialAction":[{"@type":"ReadAction","target":["https:\/\/www.fmirobcn.org\/blog\/2017\/01\/24\/respuestas-en-una-exposicion\/"]}]},{"@type":"ImageObject","inLanguage":"ca","@id":"https:\/\/www.fmirobcn.org\/blog\/2017\/01\/24\/respuestas-en-una-exposicion\/#primaryimage","url":"https:\/\/www.fmirobcn.org\/blog\/wp-content\/uploads\/2017\/01\/Rosana-Antoli.-Everything-is-circular-until-is-not.-3\u201947\u2019\u2019.-HD-1920-x-1080.-Barcelona.-2016.-B.jpg","contentUrl":"https:\/\/www.fmirobcn.org\/blog\/wp-content\/uploads\/2017\/01\/Rosana-Antoli.-Everything-is-circular-until-is-not.-3\u201947\u2019\u2019.-HD-1920-x-1080.-Barcelona.-2016.-B.jpg","width":4724,"height":2678},{"@type":"BreadcrumbList","@id":"https:\/\/www.fmirobcn.org\/blog\/2017\/01\/24\/respuestas-en-una-exposicion\/#breadcrumb","itemListElement":[{"@type":"ListItem","position":1,"name":"Inici","item":"https:\/\/www.fmirobcn.org\/blog\/"},{"@type":"ListItem","position":2,"name":"Respuestas en una exposici\u00f3n"}]},{"@type":"WebSite","@id":"https:\/\/www.fmirobcn.org\/blog\/#website","url":"https:\/\/www.fmirobcn.org\/blog\/","name":"Blog Fundaci\u00f3 Joan Mir\u00f3","description":"El blog de la Fundaci\u00f3 Joan Mir\u00f3 acull diverses veus que estiren els fils tem\u00e0tics de l\u2019activitat de la Fundaci\u00f3, tot expandint-ne els continguts i generant nous punts de vista sobre la creaci\u00f3, sobre Mir\u00f3 o sobre els temes relacionats amb les exposicions.","potentialAction":[{"@type":"SearchAction","target":{"@type":"EntryPoint","urlTemplate":"https:\/\/www.fmirobcn.org\/blog\/?s={search_term_string}"},"query-input":{"@type":"PropertyValueSpecification","valueRequired":true,"valueName":"search_term_string"}}],"inLanguage":"ca"},{"@type":"Person","@id":"https:\/\/www.fmirobcn.org\/blog\/#\/schema\/person\/c39b9f748fae20ed41c0487a2292a815","name":"Rosana Antol\u00ed","url":"https:\/\/www.fmirobcn.org\/blog\/author\/rosana-antoli\/"}]}},"_links":{"self":[{"href":"https:\/\/www.fmirobcn.org\/blog\/wp-json\/wp\/v2\/posts\/338","targetHints":{"allow":["GET"]}}],"collection":[{"href":"https:\/\/www.fmirobcn.org\/blog\/wp-json\/wp\/v2\/posts"}],"about":[{"href":"https:\/\/www.fmirobcn.org\/blog\/wp-json\/wp\/v2\/types\/post"}],"author":[{"embeddable":true,"href":"https:\/\/www.fmirobcn.org\/blog\/wp-json\/wp\/v2\/users\/14"}],"replies":[{"embeddable":true,"href":"https:\/\/www.fmirobcn.org\/blog\/wp-json\/wp\/v2\/comments?post=338"}],"version-history":[{"count":1,"href":"https:\/\/www.fmirobcn.org\/blog\/wp-json\/wp\/v2\/posts\/338\/revisions"}],"predecessor-version":[{"id":341,"href":"https:\/\/www.fmirobcn.org\/blog\/wp-json\/wp\/v2\/posts\/338\/revisions\/341"}],"wp:featuredmedia":[{"embeddable":true,"href":"https:\/\/www.fmirobcn.org\/blog\/wp-json\/wp\/v2\/media\/339"}],"wp:attachment":[{"href":"https:\/\/www.fmirobcn.org\/blog\/wp-json\/wp\/v2\/media?parent=338"}],"wp:term":[{"taxonomy":"category","embeddable":true,"href":"https:\/\/www.fmirobcn.org\/blog\/wp-json\/wp\/v2\/categories?post=338"},{"taxonomy":"post_tag","embeddable":true,"href":"https:\/\/www.fmirobcn.org\/blog\/wp-json\/wp\/v2\/tags?post=338"}],"curies":[{"name":"wp","href":"https:\/\/api.w.org\/{rel}","templated":true}]}}