{"id":482,"date":"2017-05-26T12:38:34","date_gmt":"2017-05-26T11:38:34","guid":{"rendered":"http:\/\/www.fmirobcn.org\/blog\/?p=482\/"},"modified":"2024-03-14T10:16:53","modified_gmt":"2024-03-14T09:16:53","slug":"la-festa-espacial","status":"publish","type":"post","link":"https:\/\/www.fmirobcn.org\/blog\/2017\/05\/26\/la-festa-espacial\/","title":{"rendered":"La festa espacial"},"content":{"rendered":"<p>Sobre la concepci\u00f3 de \u00abLa festa espacial\u00bb<br \/>\nUn taller familiar al voltant de l&#8217;exposici\u00f3 <em>Autogesti\u00f3<\/em>, comissariada per Antonio Ortega<\/p>\n<p>Dissenyar una proposta educativa entenent el taller com un espai experimental en qu\u00e8 la transmissi\u00f3 de coneixements i l&#8217;autoaprenentatge es produeixen a trav\u00e9s de l&#8217;experi\u00e8ncia personal. Un exercici d&#8217;assemblatge que pret\u00e9n conglomerar la informaci\u00f3 general i les reflexions particulars al voltant de l&#8217;exposici\u00f3, dialogant amb les particularitats espacials i emocionals del lloc on es desenvolupa.<\/p>\n<p>En ser una activitat familiar a gran escala en la qual podien participar nenes i nens d&#8217;edats i d&#8217;interessos molt dispars, volia construir una narrativa articulada per un recorregut i conduir-la, mitjan\u00e7ant la performativitat, cap a una col\u00b7lectivitat autoorganitzada en qu\u00e8 cada participant pogu\u00e9s relacionar-se lliurement amb el conjunt de la manera que se sent\u00eds m\u00e9s c\u00f2mode.<\/p>\n<p>Quan Familimir\u00f3 em va fer l\u2019enc\u00e0rrec, acabava d\u2019assistir a la presentaci\u00f3 del cat\u00e0leg de l\u2019exposici\u00f3, ja que l\u2019edici\u00f3 va sortir quasi un any abans que es formalitz\u00e9s a la sala. L\u2019Ortega havia demanat a en Pere Llobera que reprodu\u00eds pict\u00f2ricament les imatges amb les quals volia il\u00b7lustrar la publi, un gest enginy\u00f3s amb qu\u00e8 pretenia eludir els costos dels permisos d\u2019\u00fas comercial a qu\u00e8 estaven lligades. Evidentment, el cost de l\u2019enc\u00e0rrec seria superior, per\u00f2 aquesta actitud de fer-se un mateix el que no pot i vol tenir em va fer pensar en un retallable de l\u2019edifici de la Fundaci\u00f3 Joan Mir\u00f3 editat el 1985 a Barcelona per l\u2019editorial La Ciutat de Paper.<\/p>\n<p>Aquest element l\u2019hav\u00edem estat a punt d\u2019utilitzar ja amb en David Bestu\u00e9 per a <em>Mercuri Splash<\/em> (l\u2019homenatge a l\u2019Alexandre Cirici i Pellicer que va tenir lloc el juny del 2016), quan pel pati de l\u2019Espai Taller havia d\u2019apar\u00e8ixer un stripper caracteritzat de pizzer que feia el seu espectacle i despr\u00e9s el deix\u00e0vem muntant el retallable.<\/p>\n<p>Aquest esperit de reciclatge i de fer \u00fas dels recursos dels quals ja es disposa \u00e9s una de les premisses de qu\u00e8 parteix el meu treball. Gr\u00e0ficament i formalment aquest objecte l\u00fadic ha quedat obsolet; sorgit de la comercialitzaci\u00f3 del moviment DIY, et permetia apropiar-te de la instituci\u00f3, amb un material fr\u00e0gil i caduc, que en alguns casos els m\u00e9s fetitxistes han conservat intacte. Dir que \u00e9s un objecte retro implica un salt en el temps, un anacronisme a qu\u00e8 no estava subjecte en el moment en qu\u00e8 es va produir. Per\u00f2, per qu\u00e8 parlar d&#8217;autogesti\u00f3 en termes de futur i perdurabilitat si no \u00e9s en clau de ci\u00e8ncia-ficci\u00f3?<\/p>\n<p><img loading=\"lazy\" decoding=\"async\" class=\"alignnone size-full wp-image-487\" src=\"http:\/\/www.fmirobcn.org\/blog\/wp-content\/uploads\/2017\/05\/festa-espacial-18.png\" alt=\"\" width=\"1536\" height=\"1024\" srcset=\"https:\/\/www.fmirobcn.org\/blog\/wp-content\/uploads\/2017\/05\/festa-espacial-18.png 1536w, https:\/\/www.fmirobcn.org\/blog\/wp-content\/uploads\/2017\/05\/festa-espacial-18-300x200.png 300w, https:\/\/www.fmirobcn.org\/blog\/wp-content\/uploads\/2017\/05\/festa-espacial-18-768x512.png 768w, https:\/\/www.fmirobcn.org\/blog\/wp-content\/uploads\/2017\/05\/festa-espacial-18-683x455.png 683w, https:\/\/www.fmirobcn.org\/blog\/wp-content\/uploads\/2017\/05\/festa-espacial-18-533x355.png 533w\" sizes=\"auto, (max-width: 1536px) 100vw, 1536px\" \/><\/p>\n<p>Aquests projectes apareixen per la necessitat imperiosa de fer i de compartir, i se sostenen amb entusiasme mentre flirtegen amb la possibilitat constant de desapar\u00e8ixer.<\/p>\n<p>Recordo una nota al peu d&#8217;una cartel\u00b7la de l&#8217;Antonio Ortega, intervinguda per la Mariona Moncunill, que assenyalava com aquests projectes o models que rebutgen la institucionalitzaci\u00f3 acaben entrant en un museu. L&#8217;autogesti\u00f3 \u00e9s una forma d&#8217;activisme, per\u00f2 a vegades tamb\u00e9 pot ser producte d&#8217;una estrat\u00e8gia. En aquest cas s\u00ed que es projecta al futur en termes de realitat potencial.<\/p>\n<p><img loading=\"lazy\" decoding=\"async\" class=\"alignnone size-full wp-image-484\" src=\"http:\/\/www.fmirobcn.org\/blog\/wp-content\/uploads\/2017\/05\/festa-espacial-11.png\" alt=\"\" width=\"1456\" height=\"973\" srcset=\"https:\/\/www.fmirobcn.org\/blog\/wp-content\/uploads\/2017\/05\/festa-espacial-11.png 1456w, https:\/\/www.fmirobcn.org\/blog\/wp-content\/uploads\/2017\/05\/festa-espacial-11-300x200.png 300w, https:\/\/www.fmirobcn.org\/blog\/wp-content\/uploads\/2017\/05\/festa-espacial-11-768x513.png 768w, https:\/\/www.fmirobcn.org\/blog\/wp-content\/uploads\/2017\/05\/festa-espacial-11-681x455.png 681w, https:\/\/www.fmirobcn.org\/blog\/wp-content\/uploads\/2017\/05\/festa-espacial-11-533x356.png 533w\" sizes=\"auto, (max-width: 1456px) 100vw, 1456px\" \/><\/p>\n<p class=\"peu-foto\">\u00abLa festa espacial\u00bb \u00e9s, doncs, un joc de paraules: \u00abfesta\u00bb (fes-te, fes-t\u2019ho, DIY) i \u00abespacial\u00bb (espai arquitect\u00f2nic i gal\u00e0ctic).<\/p>\n<p>Recordo el taller que vam realitzar per a La Factoria de Sant Andreu amb en Seraf\u00edn \u00c1lvarez. Abordava el fenomen fan i com aquesta comunitat no nom\u00e9s consumia, sin\u00f3 que generava contingut sobre algun fenomen. Com per exemple <em>Star<\/em><em> Wars Uncut<\/em>, una remescla fruit del fenomen fan en la qual es reprodu\u00efa la saga gal\u00e0ctica mitjan\u00e7ant clips d&#8217;escassos segons que realitzaven els fans des de casa. El conjunt era una brillant i esbojarrada seq\u00fc\u00e8ncia d&#8217;assemblatge dels tributs penjats a Internet. I s\u2019hi va incloure aquell brillant fragment realitzat per en Seraf\u00edn i sonoritzat pels nanos durant el taller. Aix\u00ed comen\u00e7a la hist\u00f2ria:<\/p>\n<p>\u00abFa molt i molt de temps, en una gal\u00e0xia molt llunyana, hi havia un grup de rebels del sistema anomenat les Autogestionades. Per tal de passar desapercebudes, aprofitaven parts d&#8217;estructures institucionals que assemblaven i els permetien moure\u2019s sigil\u00b7losament entre la rigidesa de les Poderoses. Algunes d&#8217;elles, per\u00f2, sedu\u00efdes per la disfressa, es van veure transportades cap al fosc i desitjat futur. Un grup d&#8217;intr\u00e8pids insurrectes es va reunir el dissabte 1 d&#8217;abril per canviar el curs de la hist\u00f2ria.\u00bb<\/p>\n<p><img loading=\"lazy\" decoding=\"async\" class=\"alignnone size-full wp-image-488\" src=\"http:\/\/www.fmirobcn.org\/blog\/wp-content\/uploads\/2017\/05\/festa-espacial-32.png\" alt=\"\" width=\"1536\" height=\"1024\" srcset=\"https:\/\/www.fmirobcn.org\/blog\/wp-content\/uploads\/2017\/05\/festa-espacial-32.png 1536w, https:\/\/www.fmirobcn.org\/blog\/wp-content\/uploads\/2017\/05\/festa-espacial-32-300x200.png 300w, https:\/\/www.fmirobcn.org\/blog\/wp-content\/uploads\/2017\/05\/festa-espacial-32-768x512.png 768w, https:\/\/www.fmirobcn.org\/blog\/wp-content\/uploads\/2017\/05\/festa-espacial-32-683x455.png 683w, https:\/\/www.fmirobcn.org\/blog\/wp-content\/uploads\/2017\/05\/festa-espacial-32-533x355.png 533w\" sizes=\"auto, (max-width: 1536px) 100vw, 1536px\" \/><\/p>\n<p>Per fer entrar la canalla en una hist\u00f2ria complexa, necessitava recolzar-me en la idea d&#8217;aventura \u00e8pica. Arrencar de manera quotidiana realitzant un taller convencional fins que aparegu\u00e9s un element o un conflicte que canvi\u00e9s completament la din\u00e0mica. Per aquest motiu era essencial que hi hagu\u00e9s un element xocant i hipn\u00f2tic que pogu\u00e9s anar apareixent i conduint la multitud per l&#8217;espai. Aix\u00f2 em permetria seguir el grup i mantenir la tasca de narrador sense haver d&#8217;anar sempre al capdavant. Aix\u00ed \u00e9s com apareix la coral amateur Les Coralines, autogestionada per un grup de mares al Centre C\u00edvic El Sortidor.<br \/>\n<img loading=\"lazy\" decoding=\"async\" class=\"alignnone size-full wp-image-486\" src=\"http:\/\/www.fmirobcn.org\/blog\/wp-content\/uploads\/2017\/05\/festa-espacial-08.png\" alt=\"\" width=\"1431\" height=\"948\" srcset=\"https:\/\/www.fmirobcn.org\/blog\/wp-content\/uploads\/2017\/05\/festa-espacial-08.png 1431w, https:\/\/www.fmirobcn.org\/blog\/wp-content\/uploads\/2017\/05\/festa-espacial-08-300x199.png 300w, https:\/\/www.fmirobcn.org\/blog\/wp-content\/uploads\/2017\/05\/festa-espacial-08-768x509.png 768w, https:\/\/www.fmirobcn.org\/blog\/wp-content\/uploads\/2017\/05\/festa-espacial-08-687x455.png 687w, https:\/\/www.fmirobcn.org\/blog\/wp-content\/uploads\/2017\/05\/festa-espacial-08-533x353.png 533w\" sizes=\"auto, (max-width: 1431px) 100vw, 1431px\" \/><\/p>\n<p class=\"peu-foto\">La coral amateur Les Coralines<\/p>\n<p>El dia que vam anar a con\u00e8ixer-les, hav\u00edem quedat amb la Merc\u00e8 a la pla\u00e7a del Sortidor. Mentre puj\u00e0vem les escales, sent\u00edem aquelles veus que ens arrossegaven fins al segon pis, on assajaven. Amb la pell de gallina vam assistir a l&#8217;estranyesa de la invasi\u00f3 sonora d\u2019un assaig quotidi\u00e0, ali\u00e8 a tot all\u00f2 que passava al seu voltant. Entusiasmats, els vam explicar el nostre sarau i els vam dir que necessit\u00e0vem que aquest grup de valqu\u00edries gal\u00e0ctiques ens interpret\u00e9s tres can\u00e7ons: una de m\u00edstica per a l&#8217;entrada, una que transmet\u00e9s estranyesa i una de final que fos \u00e8pica (quelcom semblant a la banda sonora de <em>Picnic<\/em><em> at Hanging Rock<\/em>). Van acollir la proposta amb entusiasme i ens van fer una selecci\u00f3 de les que creien que hi podien encaixar. Fins i tot ens en van mostrar una de meravellosa que tenia aquell component d&#8217;intriga que busc\u00e0vem, per\u00f2 lamentaven que tot just l&#8217;estaven assajant i no la podrien tenir a punt. Entenent que el seu temps \u00e9s molt preuat, els vaig suggerir de fer l&#8217;assaig directament a la Fundaci\u00f3, que utilitzessin el temps que ens estaven dedicant per fer alguna cosa que els fos realment d&#8217;utilitat: aprendre\u2019s la can\u00e7\u00f3. Podien parar, repetir, el que fes falta, el seu paper ho permetia.<\/p>\n<p>Aquest moviment continu requeria l&#8217;ajut i la col\u00b7laboraci\u00f3 d\u2019en Ramon i d\u2019en Xavi. Jo ja coneixia molt b\u00e9 la Fundaci\u00f3 gr\u00e0cies a <em>Mercuri Splash<\/em>, aix\u00ed que vam repassar tot el recorregut, vam remenar entre el material de la Fundaci\u00f3 i vam indagar la potencialitat de cada rac\u00f3 amb els recursos de qu\u00e8 dispos\u00e0vem. Davant de l&#8217;amena\u00e7adora tempesta prevista per a aquell dia, es va haver de crear un circuit interior alternatiu que tamb\u00e9 flu\u00eds.<\/p>\n<p>Les Coralines marcaven l&#8217;inici d&#8217;aquesta seq\u00fc\u00e8ncia, que ens havia de portar des de l&#8217;espectacular muntac\u00e0rregues fins a l&#8217;Espai Taller. Empolainades amb uniformes gal\u00e0ctics i amb el retallable de l&#8217;escultura de Calder per barret, ens van conduir a ritme de \u00abHeaven\u00bb fins al reducte de \u00abLa Chapas\u00bb. Per poder viatjar al futur, per mirar de recuperar aquelles Autogestionades, ens hav\u00edem de projectar cap al temps al qual vol\u00edem anar i fer-nos un passaport amb un retrat de nosaltres de grans. A la sala hi havia un seguit de fotoc\u00f2pies manipulades del retallable que configuraven un c\u00f2mic on es veien aquestes excompanyes en un m\u00f3n psicod\u00e8lic retrofuturista.<\/p>\n<p>Tornant a la Fundaci\u00f3, ja de manera legal, hav\u00edem de fer l&#8217;\u00faltim pas: vestir-nos de futur. A l&#8217;auditori de la Fundaci\u00f3 hi havia desplegat tot el material de conservaci\u00f3 i transport d&#8217;obres que vam poder arreplegar i el vam entregar perqu\u00e8 es pogu\u00e9s utilitzar per crear els vestits. Papers de bombolla, d\u2019embalar, blancs, marrons i brillants. Tot estava orquestrat, mentre les Coralines assajaven la can\u00e7\u00f3 i posaven fil musical. Es podria considerar un meravell\u00f3s caos autogestionat que jo seria incapa\u00e7 de descriure.<\/p>\n<p><img loading=\"lazy\" decoding=\"async\" class=\"alignnone size-full wp-image-489\" src=\"http:\/\/www.fmirobcn.org\/blog\/wp-content\/uploads\/2017\/05\/festa-espacial-50.png\" alt=\"\" width=\"1536\" height=\"1024\" srcset=\"https:\/\/www.fmirobcn.org\/blog\/wp-content\/uploads\/2017\/05\/festa-espacial-50.png 1536w, https:\/\/www.fmirobcn.org\/blog\/wp-content\/uploads\/2017\/05\/festa-espacial-50-300x200.png 300w, https:\/\/www.fmirobcn.org\/blog\/wp-content\/uploads\/2017\/05\/festa-espacial-50-768x512.png 768w, https:\/\/www.fmirobcn.org\/blog\/wp-content\/uploads\/2017\/05\/festa-espacial-50-683x455.png 683w, https:\/\/www.fmirobcn.org\/blog\/wp-content\/uploads\/2017\/05\/festa-espacial-50-533x355.png 533w\" sizes=\"auto, (max-width: 1536px) 100vw, 1536px\" \/><\/p>\n<p>L&#8217;\u00faltim pas era engegar el vehicle que permetria que les amigues Autogestionades tornessin del futur i tots pogu\u00e9ssim tornar a casa. Sortint de l&#8217;auditori tots engalanats, vam anar pujant en fila l&#8217;estreta escala que condueix a la biblioteca, on hi havia una instal\u00b7laci\u00f3 realitzada amb el ventilador industrial que fan servir els t\u00e8cnics quan pinten les sales, del qual penjaven i onejaven tires de tots els materials amb qu\u00e8 anaven vestits els intr\u00e8pids participants, mentre les Coralines ens interpretaven l&#8217;\u00faltima can\u00e7\u00f3 \u00e8pica. Una sort de romeria futurofolkl\u00f2rica amb qu\u00e8 vam acomiadar el taller.<\/p>\n<p><img loading=\"lazy\" decoding=\"async\" class=\"alignnone size-full wp-image-485\" src=\"http:\/\/www.fmirobcn.org\/blog\/wp-content\/uploads\/2017\/05\/festa-espacial-80.png\" alt=\"\" width=\"1517\" height=\"1011\" srcset=\"https:\/\/www.fmirobcn.org\/blog\/wp-content\/uploads\/2017\/05\/festa-espacial-80.png 1517w, https:\/\/www.fmirobcn.org\/blog\/wp-content\/uploads\/2017\/05\/festa-espacial-80-300x200.png 300w, https:\/\/www.fmirobcn.org\/blog\/wp-content\/uploads\/2017\/05\/festa-espacial-80-768x512.png 768w, https:\/\/www.fmirobcn.org\/blog\/wp-content\/uploads\/2017\/05\/festa-espacial-80-683x455.png 683w, https:\/\/www.fmirobcn.org\/blog\/wp-content\/uploads\/2017\/05\/festa-espacial-80-533x355.png 533w\" sizes=\"auto, (max-width: 1517px) 100vw, 1517px\" \/><\/p>\n","protected":false},"excerpt":{"rendered":"<p>Sobre la concepci\u00f3 de \u00abLa festa espacial\u00bb Un taller familiar al voltant de l&#8217;exposici\u00f3 Autogesti\u00f3, comissariada per Antonio Ortega Dissenyar una proposta educativa entenent el taller com un espai experimental en qu\u00e8 la transmissi\u00f3 de coneixements i l&#8217;autoaprenentatge es produeixen a trav\u00e9s de l&#8217;experi\u00e8ncia personal. Un exercici d&#8217;assemblatge que pret\u00e9n conglomerar la informaci\u00f3 general i &hellip; <a href=\"https:\/\/www.fmirobcn.org\/blog\/2017\/05\/26\/la-festa-espacial\/\" class=\"more-link\">Continua llegint <span class=\"screen-reader-text\">La festa espacial<\/span><\/a><\/p>\n","protected":false},"author":21,"featured_media":483,"comment_status":"closed","ping_status":"closed","sticky":false,"template":"","format":"standard","meta":{"_acf_changed":false,"footnotes":""},"categories":[15,9],"tags":[128,174,13],"class_list":["post-482","post","type-post","status-publish","format-standard","has-post-thumbnail","hentry","category-proces-de-creacio","category-veu-lliure","tag-autogestio","tag-families","tag-projectes-en-collaboracio"],"acf":[],"yoast_head":"<!-- This site is optimized with the Yoast SEO plugin v26.1 - https:\/\/yoast.com\/wordpress\/plugins\/seo\/ -->\n<title>La festa espacial - Blog Fundaci\u00f3 Joan Mir\u00f3<\/title>\n<meta name=\"robots\" content=\"index, follow, max-snippet:-1, max-image-preview:large, max-video-preview:-1\" \/>\n<link rel=\"canonical\" href=\"https:\/\/www.fmirobcn.org\/blog\/2017\/05\/26\/la-festa-espacial\/\" \/>\n<meta property=\"og:locale\" content=\"ca_ES\" \/>\n<meta property=\"og:type\" content=\"article\" \/>\n<meta property=\"og:title\" content=\"La festa espacial - Blog Fundaci\u00f3 Joan Mir\u00f3\" \/>\n<meta property=\"og:description\" content=\"Sobre la concepci\u00f3 de \u00abLa festa espacial\u00bb Un taller familiar al voltant de l&#8217;exposici\u00f3 Autogesti\u00f3, comissariada per Antonio Ortega Dissenyar una proposta educativa entenent el taller com un espai experimental en qu\u00e8 la transmissi\u00f3 de coneixements i l&#8217;autoaprenentatge es produeixen a trav\u00e9s de l&#8217;experi\u00e8ncia personal. Un exercici d&#8217;assemblatge que pret\u00e9n conglomerar la informaci\u00f3 general i &hellip; Continua llegint La festa espacial\" \/>\n<meta property=\"og:url\" content=\"https:\/\/www.fmirobcn.org\/blog\/2017\/05\/26\/la-festa-espacial\/\" \/>\n<meta property=\"og:site_name\" content=\"Blog Fundaci\u00f3 Joan Mir\u00f3\" \/>\n<meta property=\"article:published_time\" content=\"2017-05-26T11:38:34+00:00\" \/>\n<meta property=\"article:modified_time\" content=\"2024-03-14T09:16:53+00:00\" \/>\n<meta property=\"og:image\" content=\"https:\/\/www.fmirobcn.org\/blog\/wp-content\/uploads\/2017\/05\/festa-espacial-04-683x455.png\" \/>\n\t<meta property=\"og:image:width\" content=\"683\" \/>\n\t<meta property=\"og:image:height\" content=\"455\" \/>\n\t<meta property=\"og:image:type\" content=\"image\/png\" \/>\n<meta name=\"author\" content=\"Antoni Herv\u00e0s\" \/>\n<meta name=\"twitter:card\" content=\"summary_large_image\" \/>\n<meta name=\"twitter:label1\" content=\"Escrit per\" \/>\n\t<meta name=\"twitter:data1\" content=\"Antoni Herv\u00e0s\" \/>\n\t<meta name=\"twitter:label2\" content=\"Temps estimat de lectura\" \/>\n\t<meta name=\"twitter:data2\" content=\"7 minuts\" \/>\n<script type=\"application\/ld+json\" class=\"yoast-schema-graph\">{\"@context\":\"https:\/\/schema.org\",\"@graph\":[{\"@type\":\"WebPage\",\"@id\":\"https:\/\/www.fmirobcn.org\/blog\/2017\/05\/26\/la-festa-espacial\/\",\"url\":\"https:\/\/www.fmirobcn.org\/blog\/2017\/05\/26\/la-festa-espacial\/\",\"name\":\"La festa espacial - Blog Fundaci\u00f3 Joan Mir\u00f3\",\"isPartOf\":{\"@id\":\"https:\/\/www.fmirobcn.org\/blog\/#website\"},\"primaryImageOfPage\":{\"@id\":\"https:\/\/www.fmirobcn.org\/blog\/2017\/05\/26\/la-festa-espacial\/#primaryimage\"},\"image\":{\"@id\":\"https:\/\/www.fmirobcn.org\/blog\/2017\/05\/26\/la-festa-espacial\/#primaryimage\"},\"thumbnailUrl\":\"https:\/\/www.fmirobcn.org\/blog\/wp-content\/uploads\/2017\/05\/festa-espacial-04.png\",\"datePublished\":\"2017-05-26T11:38:34+00:00\",\"dateModified\":\"2024-03-14T09:16:53+00:00\",\"author\":{\"@id\":\"https:\/\/www.fmirobcn.org\/blog\/#\/schema\/person\/3b9776ddbf6fab78027cc388ce59154c\"},\"breadcrumb\":{\"@id\":\"https:\/\/www.fmirobcn.org\/blog\/2017\/05\/26\/la-festa-espacial\/#breadcrumb\"},\"inLanguage\":\"ca\",\"potentialAction\":[{\"@type\":\"ReadAction\",\"target\":[\"https:\/\/www.fmirobcn.org\/blog\/2017\/05\/26\/la-festa-espacial\/\"]}]},{\"@type\":\"ImageObject\",\"inLanguage\":\"ca\",\"@id\":\"https:\/\/www.fmirobcn.org\/blog\/2017\/05\/26\/la-festa-espacial\/#primaryimage\",\"url\":\"https:\/\/www.fmirobcn.org\/blog\/wp-content\/uploads\/2017\/05\/festa-espacial-04.png\",\"contentUrl\":\"https:\/\/www.fmirobcn.org\/blog\/wp-content\/uploads\/2017\/05\/festa-espacial-04.png\",\"width\":1492,\"height\":994},{\"@type\":\"BreadcrumbList\",\"@id\":\"https:\/\/www.fmirobcn.org\/blog\/2017\/05\/26\/la-festa-espacial\/#breadcrumb\",\"itemListElement\":[{\"@type\":\"ListItem\",\"position\":1,\"name\":\"Inici\",\"item\":\"https:\/\/www.fmirobcn.org\/blog\/\"},{\"@type\":\"ListItem\",\"position\":2,\"name\":\"La festa espacial\"}]},{\"@type\":\"WebSite\",\"@id\":\"https:\/\/www.fmirobcn.org\/blog\/#website\",\"url\":\"https:\/\/www.fmirobcn.org\/blog\/\",\"name\":\"Blog Fundaci\u00f3 Joan Mir\u00f3\",\"description\":\"El blog de la Fundaci\u00f3 Joan Mir\u00f3 acull diverses veus que estiren els fils tem\u00e0tics de l\u2019activitat de la Fundaci\u00f3, tot expandint-ne els continguts i generant nous punts de vista sobre la creaci\u00f3, sobre Mir\u00f3 o sobre els temes relacionats amb les exposicions.\",\"potentialAction\":[{\"@type\":\"SearchAction\",\"target\":{\"@type\":\"EntryPoint\",\"urlTemplate\":\"https:\/\/www.fmirobcn.org\/blog\/?s={search_term_string}\"},\"query-input\":{\"@type\":\"PropertyValueSpecification\",\"valueRequired\":true,\"valueName\":\"search_term_string\"}}],\"inLanguage\":\"ca\"},{\"@type\":\"Person\",\"@id\":\"https:\/\/www.fmirobcn.org\/blog\/#\/schema\/person\/3b9776ddbf6fab78027cc388ce59154c\",\"name\":\"Antoni Herv\u00e0s\",\"url\":\"https:\/\/www.fmirobcn.org\/blog\/author\/antoni-hervas\/\"}]}<\/script>\n<!-- \/ Yoast SEO plugin. -->","yoast_head_json":{"title":"La festa espacial - Blog Fundaci\u00f3 Joan Mir\u00f3","robots":{"index":"index","follow":"follow","max-snippet":"max-snippet:-1","max-image-preview":"max-image-preview:large","max-video-preview":"max-video-preview:-1"},"canonical":"https:\/\/www.fmirobcn.org\/blog\/2017\/05\/26\/la-festa-espacial\/","og_locale":"ca_ES","og_type":"article","og_title":"La festa espacial - Blog Fundaci\u00f3 Joan Mir\u00f3","og_description":"Sobre la concepci\u00f3 de \u00abLa festa espacial\u00bb Un taller familiar al voltant de l&#8217;exposici\u00f3 Autogesti\u00f3, comissariada per Antonio Ortega Dissenyar una proposta educativa entenent el taller com un espai experimental en qu\u00e8 la transmissi\u00f3 de coneixements i l&#8217;autoaprenentatge es produeixen a trav\u00e9s de l&#8217;experi\u00e8ncia personal. Un exercici d&#8217;assemblatge que pret\u00e9n conglomerar la informaci\u00f3 general i &hellip; Continua llegint La festa espacial","og_url":"https:\/\/www.fmirobcn.org\/blog\/2017\/05\/26\/la-festa-espacial\/","og_site_name":"Blog Fundaci\u00f3 Joan Mir\u00f3","article_published_time":"2017-05-26T11:38:34+00:00","article_modified_time":"2024-03-14T09:16:53+00:00","og_image":[{"width":683,"height":455,"url":"https:\/\/www.fmirobcn.org\/blog\/wp-content\/uploads\/2017\/05\/festa-espacial-04-683x455.png","type":"image\/png"}],"author":"Antoni Herv\u00e0s","twitter_card":"summary_large_image","twitter_misc":{"Escrit per":"Antoni Herv\u00e0s","Temps estimat de lectura":"7 minuts"},"schema":{"@context":"https:\/\/schema.org","@graph":[{"@type":"WebPage","@id":"https:\/\/www.fmirobcn.org\/blog\/2017\/05\/26\/la-festa-espacial\/","url":"https:\/\/www.fmirobcn.org\/blog\/2017\/05\/26\/la-festa-espacial\/","name":"La festa espacial - Blog Fundaci\u00f3 Joan Mir\u00f3","isPartOf":{"@id":"https:\/\/www.fmirobcn.org\/blog\/#website"},"primaryImageOfPage":{"@id":"https:\/\/www.fmirobcn.org\/blog\/2017\/05\/26\/la-festa-espacial\/#primaryimage"},"image":{"@id":"https:\/\/www.fmirobcn.org\/blog\/2017\/05\/26\/la-festa-espacial\/#primaryimage"},"thumbnailUrl":"https:\/\/www.fmirobcn.org\/blog\/wp-content\/uploads\/2017\/05\/festa-espacial-04.png","datePublished":"2017-05-26T11:38:34+00:00","dateModified":"2024-03-14T09:16:53+00:00","author":{"@id":"https:\/\/www.fmirobcn.org\/blog\/#\/schema\/person\/3b9776ddbf6fab78027cc388ce59154c"},"breadcrumb":{"@id":"https:\/\/www.fmirobcn.org\/blog\/2017\/05\/26\/la-festa-espacial\/#breadcrumb"},"inLanguage":"ca","potentialAction":[{"@type":"ReadAction","target":["https:\/\/www.fmirobcn.org\/blog\/2017\/05\/26\/la-festa-espacial\/"]}]},{"@type":"ImageObject","inLanguage":"ca","@id":"https:\/\/www.fmirobcn.org\/blog\/2017\/05\/26\/la-festa-espacial\/#primaryimage","url":"https:\/\/www.fmirobcn.org\/blog\/wp-content\/uploads\/2017\/05\/festa-espacial-04.png","contentUrl":"https:\/\/www.fmirobcn.org\/blog\/wp-content\/uploads\/2017\/05\/festa-espacial-04.png","width":1492,"height":994},{"@type":"BreadcrumbList","@id":"https:\/\/www.fmirobcn.org\/blog\/2017\/05\/26\/la-festa-espacial\/#breadcrumb","itemListElement":[{"@type":"ListItem","position":1,"name":"Inici","item":"https:\/\/www.fmirobcn.org\/blog\/"},{"@type":"ListItem","position":2,"name":"La festa espacial"}]},{"@type":"WebSite","@id":"https:\/\/www.fmirobcn.org\/blog\/#website","url":"https:\/\/www.fmirobcn.org\/blog\/","name":"Blog Fundaci\u00f3 Joan Mir\u00f3","description":"El blog de la Fundaci\u00f3 Joan Mir\u00f3 acull diverses veus que estiren els fils tem\u00e0tics de l\u2019activitat de la Fundaci\u00f3, tot expandint-ne els continguts i generant nous punts de vista sobre la creaci\u00f3, sobre Mir\u00f3 o sobre els temes relacionats amb les exposicions.","potentialAction":[{"@type":"SearchAction","target":{"@type":"EntryPoint","urlTemplate":"https:\/\/www.fmirobcn.org\/blog\/?s={search_term_string}"},"query-input":{"@type":"PropertyValueSpecification","valueRequired":true,"valueName":"search_term_string"}}],"inLanguage":"ca"},{"@type":"Person","@id":"https:\/\/www.fmirobcn.org\/blog\/#\/schema\/person\/3b9776ddbf6fab78027cc388ce59154c","name":"Antoni Herv\u00e0s","url":"https:\/\/www.fmirobcn.org\/blog\/author\/antoni-hervas\/"}]}},"_links":{"self":[{"href":"https:\/\/www.fmirobcn.org\/blog\/wp-json\/wp\/v2\/posts\/482","targetHints":{"allow":["GET"]}}],"collection":[{"href":"https:\/\/www.fmirobcn.org\/blog\/wp-json\/wp\/v2\/posts"}],"about":[{"href":"https:\/\/www.fmirobcn.org\/blog\/wp-json\/wp\/v2\/types\/post"}],"author":[{"embeddable":true,"href":"https:\/\/www.fmirobcn.org\/blog\/wp-json\/wp\/v2\/users\/21"}],"replies":[{"embeddable":true,"href":"https:\/\/www.fmirobcn.org\/blog\/wp-json\/wp\/v2\/comments?post=482"}],"version-history":[{"count":11,"href":"https:\/\/www.fmirobcn.org\/blog\/wp-json\/wp\/v2\/posts\/482\/revisions"}],"predecessor-version":[{"id":507,"href":"https:\/\/www.fmirobcn.org\/blog\/wp-json\/wp\/v2\/posts\/482\/revisions\/507"}],"wp:featuredmedia":[{"embeddable":true,"href":"https:\/\/www.fmirobcn.org\/blog\/wp-json\/wp\/v2\/media\/483"}],"wp:attachment":[{"href":"https:\/\/www.fmirobcn.org\/blog\/wp-json\/wp\/v2\/media?parent=482"}],"wp:term":[{"taxonomy":"category","embeddable":true,"href":"https:\/\/www.fmirobcn.org\/blog\/wp-json\/wp\/v2\/categories?post=482"},{"taxonomy":"post_tag","embeddable":true,"href":"https:\/\/www.fmirobcn.org\/blog\/wp-json\/wp\/v2\/tags?post=482"}],"curies":[{"name":"wp","href":"https:\/\/api.w.org\/{rel}","templated":true}]}}