{"id":952,"date":"2018-05-11T12:01:13","date_gmt":"2018-05-11T11:01:13","guid":{"rendered":"https:\/\/www.fmirobcn.org\/blog\/?p=952"},"modified":"2024-03-14T10:16:07","modified_gmt":"2024-03-14T09:16:07","slug":"balada-clot-mel","status":"publish","type":"post","link":"https:\/\/www.fmirobcn.org\/blog\/2018\/05\/11\/balada-clot-mel\/","title":{"rendered":"La balada del Clot de la Mel"},"content":{"rendered":"<p><img loading=\"lazy\" decoding=\"async\" class=\"alignnone size-full wp-image-953\" src=\"https:\/\/www.fmirobcn.org\/blog\/wp-content\/uploads\/2018\/05\/La_balada_del_Clot_de_la_Mel_800px.jpg\" alt=\"\" width=\"800\" height=\"1600\" srcset=\"https:\/\/www.fmirobcn.org\/blog\/wp-content\/uploads\/2018\/05\/La_balada_del_Clot_de_la_Mel_800px.jpg 800w, https:\/\/www.fmirobcn.org\/blog\/wp-content\/uploads\/2018\/05\/La_balada_del_Clot_de_la_Mel_800px-150x300.jpg 150w, https:\/\/www.fmirobcn.org\/blog\/wp-content\/uploads\/2018\/05\/La_balada_del_Clot_de_la_Mel_800px-768x1536.jpg 768w, https:\/\/www.fmirobcn.org\/blog\/wp-content\/uploads\/2018\/05\/La_balada_del_Clot_de_la_Mel_800px-228x455.jpg 228w, https:\/\/www.fmirobcn.org\/blog\/wp-content\/uploads\/2018\/05\/La_balada_del_Clot_de_la_Mel_800px-533x1066.jpg 533w\" sizes=\"auto, (max-width: 800px) 100vw, 800px\" \/><\/p>\n<p>Una tarda, sota el cel,<br \/>\nal davant del Mir\u00f3 Peris<br \/>\ngent de tots dos hemisferis<br \/>\nes reuneixen per fer mel.<br \/>\nEn Ram\u00f3n, que \u00e9s pastisser<br \/>\ni ha vingut des de La Palma,<br \/>\nremenant els pots amb calma<br \/>\nels explica qu\u00e8 han de fer:<\/p>\n<p>\u2013Cal molt sucre i mariallu\u00efsa<br \/>\ni glucosa i un foc lent.<br \/>\nSi ho feu tot d\u2019aquesta guisa<br \/>\nno us pot pas quedar dolent.<\/p>\n<p>La Martina i la Victoria<br \/>\nde la Fundaci\u00f3 Mir\u00f3<br \/>\nproven, entre la crid\u00f2ria,<br \/>\nd\u2019allargar l\u2019explicaci\u00f3:<\/p>\n<p>\u2013Fa molts anys, l\u2019Ajuntament<br \/>\nva prohibir que aquestes b\u00e8sties<br \/>\npuguin viure entre la gent<br \/>\nperqu\u00e8 no els causin mol\u00e8sties.<br \/>\nDiuen que aquest himen\u00f2pter<br \/>\n\u00e9s nociu, malvat i vil,<br \/>\nm\u00e9s molest que l\u2019helic\u00f2pter<br \/>\nque t\u00e9 la Gu\u00e0rdia Civil.<br \/>\nI per aix\u00f2 volem fer mel<br \/>\namb tots els ve\u00efns de Barna,<br \/>\nperqu\u00e8 ens sembla que \u00e9s molt cruel<br \/>\nque no hi pugui haver cap arna.<\/p>\n<p>Per\u00f2 l\u2019Alfonso, que \u00e9s l\u2019artista<br \/>\nque ha muntat aquell sarau<br \/>\n(tot i que \u00e9s europeista<br \/>\ni t\u00e9 a Londres el seu cau)<br \/>\npuntualitza que \u00e9s melassa<br \/>\ni no \u00e9s mel de veritat<br \/>\nel que hi ha en aquella tassa<br \/>\nque els ve\u00efns han fabricat.<\/p>\n<p>\u2013Esperem veure algun dia<br \/>\nles abelles fent zumzeig<br \/>\npel carrer o algun passeig<br \/>\no pel mig de la Gran Via.<br \/>\nPer\u00f2 si mana alg\u00fa tan brusc<br \/>\nque prohibeix que hi hagi abelles<br \/>\nmai tindrem cera de rusc,<br \/>\ntan sols la de les orelles.<\/p>\n<p><strong>Barcelona, mar\u00e7 de 2018<\/strong><\/p>\n<p>&nbsp;<\/p>\n<p>&nbsp;<\/p>\n","protected":false},"excerpt":{"rendered":"<p>Una tarda, sota el cel, al davant del Mir\u00f3 Peris gent de tots dos hemisferis es reuneixen per fer mel. En Ram\u00f3n, que \u00e9s pastisser i ha vingut des de La Palma, remenant els pots amb calma els explica qu\u00e8 han de fer: \u2013Cal molt sucre i mariallu\u00efsa i glucosa i un foc lent. Si &hellip; <a href=\"https:\/\/www.fmirobcn.org\/blog\/2018\/05\/11\/balada-clot-mel\/\" class=\"more-link\">Continua llegint <span class=\"screen-reader-text\">La balada del Clot de la Mel<\/span><\/a><\/p>\n","protected":false},"author":32,"featured_media":965,"comment_status":"closed","ping_status":"closed","sticky":false,"template":"","format":"standard","meta":{"_acf_changed":false,"footnotes":""},"categories":[197,92,9],"tags":[292,221,291],"class_list":["post-952","post","type-post","status-publish","format-standard","has-post-thumbnail","hentry","category-comic","category-exposicions","category-veu-lliure","tag-auca","tag-beehave-2","tag-el-clot-de-la-mel"],"acf":[],"yoast_head":"<!-- This site is optimized with the Yoast SEO plugin v26.1 - https:\/\/yoast.com\/wordpress\/plugins\/seo\/ -->\n<title>La balada del Clot de la Mel - Blog Fundaci\u00f3 Joan Mir\u00f3<\/title>\n<meta name=\"robots\" content=\"index, follow, max-snippet:-1, max-image-preview:large, max-video-preview:-1\" \/>\n<link rel=\"canonical\" href=\"https:\/\/www.fmirobcn.org\/blog\/2018\/05\/11\/balada-clot-mel\/\" \/>\n<meta property=\"og:locale\" content=\"ca_ES\" \/>\n<meta property=\"og:type\" content=\"article\" \/>\n<meta property=\"og:title\" content=\"La balada del Clot de la Mel - Blog Fundaci\u00f3 Joan Mir\u00f3\" \/>\n<meta property=\"og:description\" content=\"Una tarda, sota el cel, al davant del Mir\u00f3 Peris gent de tots dos hemisferis es reuneixen per fer mel. En Ram\u00f3n, que \u00e9s pastisser i ha vingut des de La Palma, remenant els pots amb calma els explica qu\u00e8 han de fer: \u2013Cal molt sucre i mariallu\u00efsa i glucosa i un foc lent. Si &hellip; Continua llegint La balada del Clot de la Mel\" \/>\n<meta property=\"og:url\" content=\"https:\/\/www.fmirobcn.org\/blog\/2018\/05\/11\/balada-clot-mel\/\" \/>\n<meta property=\"og:site_name\" content=\"Blog Fundaci\u00f3 Joan Mir\u00f3\" \/>\n<meta property=\"article:published_time\" content=\"2018-05-11T11:01:13+00:00\" \/>\n<meta property=\"article:modified_time\" content=\"2024-03-14T09:16:07+00:00\" \/>\n<meta property=\"og:image\" content=\"https:\/\/www.fmirobcn.org\/blog\/wp-content\/uploads\/2018\/05\/La_Grieta_El_Clot.png\" \/>\n\t<meta property=\"og:image:width\" content=\"800\" \/>\n\t<meta property=\"og:image:height\" content=\"537\" \/>\n\t<meta property=\"og:image:type\" content=\"image\/png\" \/>\n<meta name=\"author\" content=\"Oriol Canosa\" \/>\n<meta name=\"twitter:card\" content=\"summary_large_image\" \/>\n<meta name=\"twitter:label1\" content=\"Escrit per\" \/>\n\t<meta name=\"twitter:data1\" content=\"Oriol Canosa\" \/>\n\t<meta name=\"twitter:label2\" content=\"Temps estimat de lectura\" \/>\n\t<meta name=\"twitter:data2\" content=\"1 minut\" \/>\n<script type=\"application\/ld+json\" class=\"yoast-schema-graph\">{\"@context\":\"https:\/\/schema.org\",\"@graph\":[{\"@type\":\"WebPage\",\"@id\":\"https:\/\/www.fmirobcn.org\/blog\/2018\/05\/11\/balada-clot-mel\/\",\"url\":\"https:\/\/www.fmirobcn.org\/blog\/2018\/05\/11\/balada-clot-mel\/\",\"name\":\"La balada del Clot de la Mel - Blog Fundaci\u00f3 Joan Mir\u00f3\",\"isPartOf\":{\"@id\":\"https:\/\/www.fmirobcn.org\/blog\/#website\"},\"primaryImageOfPage\":{\"@id\":\"https:\/\/www.fmirobcn.org\/blog\/2018\/05\/11\/balada-clot-mel\/#primaryimage\"},\"image\":{\"@id\":\"https:\/\/www.fmirobcn.org\/blog\/2018\/05\/11\/balada-clot-mel\/#primaryimage\"},\"thumbnailUrl\":\"https:\/\/www.fmirobcn.org\/blog\/wp-content\/uploads\/2018\/05\/La_Grieta_El_Clot.png\",\"datePublished\":\"2018-05-11T11:01:13+00:00\",\"dateModified\":\"2024-03-14T09:16:07+00:00\",\"author\":{\"@id\":\"https:\/\/www.fmirobcn.org\/blog\/#\/schema\/person\/7df5cdc6c1fa609d2b95e6f11f4f7d46\"},\"breadcrumb\":{\"@id\":\"https:\/\/www.fmirobcn.org\/blog\/2018\/05\/11\/balada-clot-mel\/#breadcrumb\"},\"inLanguage\":\"ca\",\"potentialAction\":[{\"@type\":\"ReadAction\",\"target\":[\"https:\/\/www.fmirobcn.org\/blog\/2018\/05\/11\/balada-clot-mel\/\"]}]},{\"@type\":\"ImageObject\",\"inLanguage\":\"ca\",\"@id\":\"https:\/\/www.fmirobcn.org\/blog\/2018\/05\/11\/balada-clot-mel\/#primaryimage\",\"url\":\"https:\/\/www.fmirobcn.org\/blog\/wp-content\/uploads\/2018\/05\/La_Grieta_El_Clot.png\",\"contentUrl\":\"https:\/\/www.fmirobcn.org\/blog\/wp-content\/uploads\/2018\/05\/La_Grieta_El_Clot.png\",\"width\":800,\"height\":537},{\"@type\":\"BreadcrumbList\",\"@id\":\"https:\/\/www.fmirobcn.org\/blog\/2018\/05\/11\/balada-clot-mel\/#breadcrumb\",\"itemListElement\":[{\"@type\":\"ListItem\",\"position\":1,\"name\":\"Inici\",\"item\":\"https:\/\/www.fmirobcn.org\/blog\/\"},{\"@type\":\"ListItem\",\"position\":2,\"name\":\"La balada del Clot de la Mel\"}]},{\"@type\":\"WebSite\",\"@id\":\"https:\/\/www.fmirobcn.org\/blog\/#website\",\"url\":\"https:\/\/www.fmirobcn.org\/blog\/\",\"name\":\"Blog Fundaci\u00f3 Joan Mir\u00f3\",\"description\":\"El blog de la Fundaci\u00f3 Joan Mir\u00f3 acull diverses veus que estiren els fils tem\u00e0tics de l\u2019activitat de la Fundaci\u00f3, tot expandint-ne els continguts i generant nous punts de vista sobre la creaci\u00f3, sobre Mir\u00f3 o sobre els temes relacionats amb les exposicions.\",\"potentialAction\":[{\"@type\":\"SearchAction\",\"target\":{\"@type\":\"EntryPoint\",\"urlTemplate\":\"https:\/\/www.fmirobcn.org\/blog\/?s={search_term_string}\"},\"query-input\":{\"@type\":\"PropertyValueSpecification\",\"valueRequired\":true,\"valueName\":\"search_term_string\"}}],\"inLanguage\":\"ca\"},{\"@type\":\"Person\",\"@id\":\"https:\/\/www.fmirobcn.org\/blog\/#\/schema\/person\/7df5cdc6c1fa609d2b95e6f11f4f7d46\",\"name\":\"Oriol Canosa\",\"url\":\"https:\/\/www.fmirobcn.org\/blog\/author\/oriol-canosa\/\"}]}<\/script>\n<!-- \/ Yoast SEO plugin. -->","yoast_head_json":{"title":"La balada del Clot de la Mel - Blog Fundaci\u00f3 Joan Mir\u00f3","robots":{"index":"index","follow":"follow","max-snippet":"max-snippet:-1","max-image-preview":"max-image-preview:large","max-video-preview":"max-video-preview:-1"},"canonical":"https:\/\/www.fmirobcn.org\/blog\/2018\/05\/11\/balada-clot-mel\/","og_locale":"ca_ES","og_type":"article","og_title":"La balada del Clot de la Mel - Blog Fundaci\u00f3 Joan Mir\u00f3","og_description":"Una tarda, sota el cel, al davant del Mir\u00f3 Peris gent de tots dos hemisferis es reuneixen per fer mel. En Ram\u00f3n, que \u00e9s pastisser i ha vingut des de La Palma, remenant els pots amb calma els explica qu\u00e8 han de fer: \u2013Cal molt sucre i mariallu\u00efsa i glucosa i un foc lent. Si &hellip; Continua llegint La balada del Clot de la Mel","og_url":"https:\/\/www.fmirobcn.org\/blog\/2018\/05\/11\/balada-clot-mel\/","og_site_name":"Blog Fundaci\u00f3 Joan Mir\u00f3","article_published_time":"2018-05-11T11:01:13+00:00","article_modified_time":"2024-03-14T09:16:07+00:00","og_image":[{"width":800,"height":537,"url":"https:\/\/www.fmirobcn.org\/blog\/wp-content\/uploads\/2018\/05\/La_Grieta_El_Clot.png","type":"image\/png"}],"author":"Oriol Canosa","twitter_card":"summary_large_image","twitter_misc":{"Escrit per":"Oriol Canosa","Temps estimat de lectura":"1 minut"},"schema":{"@context":"https:\/\/schema.org","@graph":[{"@type":"WebPage","@id":"https:\/\/www.fmirobcn.org\/blog\/2018\/05\/11\/balada-clot-mel\/","url":"https:\/\/www.fmirobcn.org\/blog\/2018\/05\/11\/balada-clot-mel\/","name":"La balada del Clot de la Mel - Blog Fundaci\u00f3 Joan Mir\u00f3","isPartOf":{"@id":"https:\/\/www.fmirobcn.org\/blog\/#website"},"primaryImageOfPage":{"@id":"https:\/\/www.fmirobcn.org\/blog\/2018\/05\/11\/balada-clot-mel\/#primaryimage"},"image":{"@id":"https:\/\/www.fmirobcn.org\/blog\/2018\/05\/11\/balada-clot-mel\/#primaryimage"},"thumbnailUrl":"https:\/\/www.fmirobcn.org\/blog\/wp-content\/uploads\/2018\/05\/La_Grieta_El_Clot.png","datePublished":"2018-05-11T11:01:13+00:00","dateModified":"2024-03-14T09:16:07+00:00","author":{"@id":"https:\/\/www.fmirobcn.org\/blog\/#\/schema\/person\/7df5cdc6c1fa609d2b95e6f11f4f7d46"},"breadcrumb":{"@id":"https:\/\/www.fmirobcn.org\/blog\/2018\/05\/11\/balada-clot-mel\/#breadcrumb"},"inLanguage":"ca","potentialAction":[{"@type":"ReadAction","target":["https:\/\/www.fmirobcn.org\/blog\/2018\/05\/11\/balada-clot-mel\/"]}]},{"@type":"ImageObject","inLanguage":"ca","@id":"https:\/\/www.fmirobcn.org\/blog\/2018\/05\/11\/balada-clot-mel\/#primaryimage","url":"https:\/\/www.fmirobcn.org\/blog\/wp-content\/uploads\/2018\/05\/La_Grieta_El_Clot.png","contentUrl":"https:\/\/www.fmirobcn.org\/blog\/wp-content\/uploads\/2018\/05\/La_Grieta_El_Clot.png","width":800,"height":537},{"@type":"BreadcrumbList","@id":"https:\/\/www.fmirobcn.org\/blog\/2018\/05\/11\/balada-clot-mel\/#breadcrumb","itemListElement":[{"@type":"ListItem","position":1,"name":"Inici","item":"https:\/\/www.fmirobcn.org\/blog\/"},{"@type":"ListItem","position":2,"name":"La balada del Clot de la Mel"}]},{"@type":"WebSite","@id":"https:\/\/www.fmirobcn.org\/blog\/#website","url":"https:\/\/www.fmirobcn.org\/blog\/","name":"Blog Fundaci\u00f3 Joan Mir\u00f3","description":"El blog de la Fundaci\u00f3 Joan Mir\u00f3 acull diverses veus que estiren els fils tem\u00e0tics de l\u2019activitat de la Fundaci\u00f3, tot expandint-ne els continguts i generant nous punts de vista sobre la creaci\u00f3, sobre Mir\u00f3 o sobre els temes relacionats amb les exposicions.","potentialAction":[{"@type":"SearchAction","target":{"@type":"EntryPoint","urlTemplate":"https:\/\/www.fmirobcn.org\/blog\/?s={search_term_string}"},"query-input":{"@type":"PropertyValueSpecification","valueRequired":true,"valueName":"search_term_string"}}],"inLanguage":"ca"},{"@type":"Person","@id":"https:\/\/www.fmirobcn.org\/blog\/#\/schema\/person\/7df5cdc6c1fa609d2b95e6f11f4f7d46","name":"Oriol Canosa","url":"https:\/\/www.fmirobcn.org\/blog\/author\/oriol-canosa\/"}]}},"_links":{"self":[{"href":"https:\/\/www.fmirobcn.org\/blog\/wp-json\/wp\/v2\/posts\/952","targetHints":{"allow":["GET"]}}],"collection":[{"href":"https:\/\/www.fmirobcn.org\/blog\/wp-json\/wp\/v2\/posts"}],"about":[{"href":"https:\/\/www.fmirobcn.org\/blog\/wp-json\/wp\/v2\/types\/post"}],"author":[{"embeddable":true,"href":"https:\/\/www.fmirobcn.org\/blog\/wp-json\/wp\/v2\/users\/32"}],"replies":[{"embeddable":true,"href":"https:\/\/www.fmirobcn.org\/blog\/wp-json\/wp\/v2\/comments?post=952"}],"version-history":[{"count":6,"href":"https:\/\/www.fmirobcn.org\/blog\/wp-json\/wp\/v2\/posts\/952\/revisions"}],"predecessor-version":[{"id":974,"href":"https:\/\/www.fmirobcn.org\/blog\/wp-json\/wp\/v2\/posts\/952\/revisions\/974"}],"wp:featuredmedia":[{"embeddable":true,"href":"https:\/\/www.fmirobcn.org\/blog\/wp-json\/wp\/v2\/media\/965"}],"wp:attachment":[{"href":"https:\/\/www.fmirobcn.org\/blog\/wp-json\/wp\/v2\/media?parent=952"}],"wp:term":[{"taxonomy":"category","embeddable":true,"href":"https:\/\/www.fmirobcn.org\/blog\/wp-json\/wp\/v2\/categories?post=952"},{"taxonomy":"post_tag","embeddable":true,"href":"https:\/\/www.fmirobcn.org\/blog\/wp-json\/wp\/v2\/tags?post=952"}],"curies":[{"name":"wp","href":"https:\/\/api.w.org\/{rel}","templated":true}]}}